{"id":2106,"date":"2026-01-17T10:27:21","date_gmt":"2026-01-17T10:27:21","guid":{"rendered":"https:\/\/santamariadegimenells.info\/?p=2106"},"modified":"2026-01-17T11:15:36","modified_gmt":"2026-01-17T11:15:36","slug":"la-sol-licitud-dexcepncio","status":"publish","type":"post","link":"https:\/\/santamariadegimenells.info\/index.php\/2026\/01\/17\/la-sol-licitud-dexcepncio\/","title":{"rendered":"La sol.licitud d&#8217;excepnci\u00f3"},"content":{"rendered":"<p style=\"text-align: justify;\"><span style=\"font-family: 'times new roman', times, serif; font-size: 14pt;\"><strong>DE LA FINCA DE GIMENELLS PRESENTADA PER L&#8217;OBRA TUTELAR AGR\u00c0RIA A L&#8217;INSTITUT NACIONAL DE COLONITZACI\u00d3 L\u201911 DE JULIOL DE L&#8217;ANY 1956<\/strong><\/span><\/p>\n<p style=\"text-align: justify;\"><span style=\"font-family: 'times new roman', times, serif; font-size: 14pt;\">Font: Projecte de parcel\u00b7laci\u00f3 de la primera subzona del Canal d&#8217;Arag\u00f3 i Catalunya (Lleida i Osca) Mem\u00f2ria Terres exceptuades, en exc\u00e9s i reservades de la Llei 1NC,<\/span><\/p>\n<p style=\"text-align: justify;\"><span style=\"font-family: 'times new roman', times, serif; font-size: 14pt;\">Lleida, 1963<\/span><\/p>\n<p style=\"text-align: justify;\"><span style=\"font-family: 'times new roman', times, serif; font-size: 14pt;\">Annex n\u00fam. 93 (5 pp) (fragments)<\/span><\/p>\n<p style=\"text-align: justify;\"><span style=\"font-family: 'times new roman', times, serif; font-size: 14pt;\">Obra Tutelar Agr\u00e0ria es va constituir a la ciutat de Barcelona, a 27 de desembre de 1928, a iniciativa de Don Ram\u00f3n Mart\u00ed, President del Tribunal Tutelar de Menors, a fi de recollir, sostenir i emparar als menors de tots dos sexes, sotmesos a les lleis de Protecci\u00f3 a la Inf\u00e0ncia i als Tribunals Tutelars de Menors, procurant-los un r\u00e8gim familiar d&#8217;alberg o col\u00b7locaci\u00f3 en el camp, amb ensenyament i educaci\u00f3 general i especialment agr\u00edcola i amb ensenyament professional propi per les llars rurals, amb el prop\u00f2sit de convertir als recollits en arrendataris i fins i tot petits propietaris agr\u00edcoles, fomentant en els nens l&#8217;amor al camp i evitant l&#8217;\u00e8xode als grans nuclis urbans.<\/span><\/p>\n<p style=\"text-align: justify;\"><span style=\"font-family: 'times new roman', times, serif; font-size: 14pt;\">La citada instituci\u00f3 s&#8217;ha nodrit fins a la data d&#8217;aportacions particulars, i molt especialment, de les del fundador Don Ram\u00f3n\u00a0Alb\u00f3\u00a0Mart\u00ed i de la seva esposa Dona Maria Ferrer\u00a0Bertan\u00a0(e.p.d.).<\/span><\/p>\n<p style=\"text-align: justify;\"><span style=\"font-family: 'times new roman', times, serif; font-size: 14pt;\">El 28 de desembre de 1928, va adquirir una finca en les proximitats de Lleida, titulada &#8220;Gimenells&#8221; de cinc mil setanta-cinc hect\u00e0rees, quaranta \u00e0rees i tretze centi\u00e0rees, en la seva gran majoria incultes i destinades primordialment a vedat de ca\u00e7a (1).<\/span><\/p>\n<p style=\"text-align: justify;\"><span style=\"font-family: 'times new roman', times, serif; font-size: 14pt;\">Des de 1928 fins a la data, &#8220;Obra Tutelar Agr\u00e0ria&#8221; ha iniciat i prosseguit la seva obra social agr\u00edcola i d&#8217;afecte, aixecant a la joventut esgarriada, a un\u00edson amb\u00a01a\u00a0conversi\u00f3 de les estepes en camps de blat, blat de moro i alfals; en el que va ser plan\u00edcia sense habitatges, ha aixecat un poblat; on no existia una ombra protectora dels ardors del sol, creixen alberedes que fixen el terreny i li donen bellesa, i el m\u00e9s important, retorna a la societat i al camp, la qual cosa abans eren nens desemparats, convertits en homes formats.<\/span><\/p>\n<p style=\"text-align: justify;\"><span style=\"font-family: 'times new roman', times, serif; font-size: 14pt;\">Entre moltes altres obres de car\u00e0cter social i colonitzador, ha aixecat l&#8217;Esgl\u00e9sia dotada de capell\u00e0 per a la cura d&#8217;\u00e0nimes; escoles per als dos sexes; centres recreatius amb sales de jocs i sal\u00f3 de lectura, sala d&#8217;espectacles, \u00e0mplia i espaiosa, camps de\u00a0futbol, frontons, centre de formaci\u00f3, cooperativa de consum, etc.<\/span><\/p>\n<p style=\"text-align: justify;\"><span style=\"font-family: 'times new roman', times, serif; font-size: 14pt;\">A m\u00e9s, s&#8217;ha comprat una maquina recol\u00b7lectora, diversos tractors, un jeep, cami\u00f3 per al transport de productes, maquin\u00e0ria, \u00fatils i eines de cultiu. S&#8217;ha instal\u00b7lat en la col\u00f2nia, taller de fusteria, ferreria, guarnicioneria, forn de coure pa, magatzems per als productes agr\u00edcoles, xarxa d&#8217;enllumenat, conducci\u00f3 d&#8217;aigua i altres serveis; i mitjan\u00e7ant la construcci\u00f3 de canalitzacions, s\u00e9quies i obres de drenatge s&#8217;han convertit en terres de regadiu grans extensions anteriorment de sec\u00e0 o incultes.<\/span><\/p>\n<p style=\"text-align: justify;\"><span style=\"font-family: 'times new roman', times, serif; font-size: 14pt;\">Tot aix\u00f2 ha estat possible amb els productes de la pr\u00f2pia finca i una encertada administraci\u00f3, sense cap subvenci\u00f3 estatal. Han passat per aquesta Col\u00f2nia m\u00e9s de 1.000 nens, i actualment estan rebent instrucci\u00f3 en ella i ensinistrant-se en treballs agr\u00edcoles, uns 120 nens, procedents de la Junta de Protecci\u00f3 a la Inf\u00e0ncia i del Tribunal Tutelar de Menors de Barcelona, i dels de Lleida, Tarragona i algun altre. Diversos dels tutelats han continuat en la finca, en cessar la intervenci\u00f3 d&#8217;aquests organismes, i alguns d&#8217;ells posseeixen ja en propietat o usdefruit, horts familiars i caps de bestiar.<\/span><\/p>\n<p style=\"text-align: justify;\"><span style=\"font-family: 'times new roman', times, serif; font-size: 14pt;\">Finalitzada la guerra d&#8217;alliberament, i en les albors de la segona etapa de &#8220;Obra Tutelar Agr\u00e0ria&#8221;, apareix l&#8217;Institut Nacional de Colonitzaci\u00f3, en 1939, i per Ordre de 27 de juliol de 1943, el projecte general de colonitzaci\u00f3 de la Zona del Canal d&#8217;Arag\u00f3 i Catalunya, dins de la qual radica la finca de Santa Maria de Gimenells.<\/span><\/p>\n<p style=\"text-align: justify;\"><span style=\"font-family: 'times new roman', times, serif; font-size: 14pt;\">Est\u00e0 en la ment de tots, les facilitats que en tot memento &#8220;Obra Tutelar Agr\u00e0ria&#8221; es compla\u00efa a donar a l&#8217;Institut Nacional de Colonitzaci\u00f3 perqu\u00e8 aquest pogu\u00e9s dur a terme la seva alta comesa. No sols el seu fundador senyor\u00a0Alb\u00f3, acompliment gelosament fins a la seva defunci\u00f3 el c\u00e0rrec de Vocal d&#8217;aquest Institut, sin\u00f3 que, als fins esmentats, &#8220;Obra Tutelar Agr\u00e0ria&#8221; va vendre al citat Institut una extensi\u00f3 de mil tres-centes vuitanta hect\u00e0rees, cinquanta-quatre \u00e0rees, quaranta-tres centi\u00e0rees, en la porci\u00f3 de les quals s&#8217;ha edificat el poblat i el Centre de Colonitzaci\u00f3 de Gimenells (&#8230;).<\/span><\/p>\n<p style=\"text-align: justify;\"><span style=\"font-family: 'times new roman', times, serif; font-size: 14pt;\">Comprenent el senyor\u00a0Alb\u00f3\u00a0que l&#8217;extensi\u00f3 superficial de la finca era excessiva, i que l&#8217;Obra no comptava amb mitjans suficients per a la seva total explotaci\u00f3, en 13 d&#8217;octubre de 1955, li va vendre altres dos mil tres-centes noranta-quatre hect\u00e0rees, vuitanta-cinc \u00e0rees, setanta centi\u00e0rees, i a m\u00e9s al\u00b7legant l&#8217;Institut ser-li necess\u00e0ria una porci\u00f3 de terreny contigua al poblat de Gimenells, sota van alienar altres disset hect\u00e0rees quaranta-dues \u00e0rees dues centi\u00e0rees.<\/span><\/p>\n<p style=\"text-align: justify;\"><span style=\"font-family: 'times new roman', times, serif; font-size: 14pt;\">(&#8230;)<\/span><br \/>\n<span style=\"font-family: 'times new roman', times, serif; font-size: 14pt;\">No van fer mal ni fan mal a &#8220;Obra Tutelar Agr\u00e0ria&#8221; les hect\u00e0rees cedides, perqu\u00e8 sap que aix\u00f2 ha estat per a b\u00e9 i millora del pa\u00eds, Al cap i a la fi, la finalitat de l&#8217;Obra i la de l&#8217;Institut s\u00f3n paral\u00b7leles, i entre una i una altra instituci\u00f3 desitgem que existeixi sempre la millor col\u00b7laboraci\u00f3.<\/span><\/p>\n<p style=\"text-align: justify;\"><span style=\"font-family: 'times new roman', times, serif; font-size: 14pt;\">(&#8230;)<\/span><br \/>\n<span style=\"font-family: 'times new roman', times, serif; font-size: 14pt;\">El Decret de 27 d&#8217;abril de 1956, permet a propietaris retenir definitivament, les anomenades terres exceptuades per a les quals exigeix l&#8217;alt \u00cdndex de producci\u00f3 bruta de 25\u00a0quintales\u00a0m\u00e8trics de blat per hect\u00e0rea que en l&#8217;actualitat podem considerar que \u00e9s \u00e0mpliament la que dona l&#8217;anomenada part plana de la finca, i els concedeix despr\u00e9s la reserva de terres incultes fins a la quarta part de la seva superf\u00edcie. Per\u00f2 en el n\u00famero 4 de el_ article 5&#8217;\u00ba, preveu l&#8217;exist\u00e8ncia de fills leg\u00edtims o legitimats del propietari, permetent que la reserva pugui arribar com a m\u00e0xim a 240 hect\u00e0rees.<\/span><\/p>\n<p style=\"text-align: justify;\"><span style=\"font-family: 'times new roman', times, serif; font-size: 14pt;\">L&#8217;Entitat\u00a0corno\u00a0tal, no pot tenir fills leg\u00edtims ni legitimats, no \u00e9s possible que els tingui. Per\u00f2 donats els seus fins institucionals, als desheretats i acollits per l&#8217;Obra, no se&#8217;ls pot donar tracte pitjor que a aquells. &#8220;Obra Tutelar Agr\u00e0ria&#8221;, t\u00e9 per objectiu l&#8217;empara, educaci\u00f3 i redempci\u00f3 del Menor. Els acull, educa i estableix; \u00e9s la fam\u00edlia protectora d&#8217;aquests menors, d&#8217;aquesta joventut, i cant \u00e9s aix\u00ed que molts que ja han aconseguit la majoria d&#8217;edat, encapritxats, no sols amb la terra que els va veure cr\u00e9ixer, sin\u00f3 amb l&#8217;obra amorosa que a Santa Maria de Gimenells s&#8217;exerceix, constitueixen la base i el cabdell de la nostra poblaci\u00f3 obrera.<\/span><\/p>\n<p style=\"text-align: justify;\"><span style=\"font-family: 'times new roman', times, serif; font-size: 14pt;\">L&#8217;exposici\u00f3 que antecedeix, creiem recull el brillant historial i els positius fruits de la nostra Obra colonitzadora i educadora, de la nostra labor social, patri\u00f2tica i cristiana. No ens mou la mera apet\u00e8ncia de conservar hect\u00e0rees de terreny, sin\u00f3 el desig de competir amb els millors colonitzadors de la comarca, i engrossir les files d&#8217;una P\u00e0tria millor, amb aportaci\u00f3 de sang jove i ments sanes. El retallament de la finca podria dificultar i fins a impossibilitar la funci\u00f3 social i educativa, que amb els nostres propis mitjans hem realitzat flama la data.<\/span><\/p>\n<p style=\"text-align: justify;\"><span style=\"font-family: 'times new roman', times, serif; font-size: 14pt;\">Segons\u00a0els\u00a0estimations\u00a0de l&#8217;INC (vegeu\u00a0el \u201cPla General de Colonitzaci\u00f3 de l\u2019any\u00a01942), la\u00a0superf\u00edcie\u00a0real de\u00a0Gimenellss\u00a0era de 5.612\u00a0hectarees.<\/span><\/p>\n","protected":false},"excerpt":{"rendered":"<p>&#46;&#46;&#46;<\/p>\n","protected":false},"author":1,"featured_media":0,"comment_status":"closed","ping_status":"closed","sticky":false,"template":"","format":"standard","meta":{"footnotes":""},"categories":[9],"tags":[],"class_list":["post-2106","post","type-post","status-publish","format-standard","hentry","category-historia"],"_links":{"self":[{"href":"https:\/\/santamariadegimenells.info\/index.php\/wp-json\/wp\/v2\/posts\/2106","targetHints":{"allow":["GET"]}}],"collection":[{"href":"https:\/\/santamariadegimenells.info\/index.php\/wp-json\/wp\/v2\/posts"}],"about":[{"href":"https:\/\/santamariadegimenells.info\/index.php\/wp-json\/wp\/v2\/types\/post"}],"author":[{"embeddable":true,"href":"https:\/\/santamariadegimenells.info\/index.php\/wp-json\/wp\/v2\/users\/1"}],"replies":[{"embeddable":true,"href":"https:\/\/santamariadegimenells.info\/index.php\/wp-json\/wp\/v2\/comments?post=2106"}],"version-history":[{"count":1,"href":"https:\/\/santamariadegimenells.info\/index.php\/wp-json\/wp\/v2\/posts\/2106\/revisions"}],"predecessor-version":[{"id":2107,"href":"https:\/\/santamariadegimenells.info\/index.php\/wp-json\/wp\/v2\/posts\/2106\/revisions\/2107"}],"wp:attachment":[{"href":"https:\/\/santamariadegimenells.info\/index.php\/wp-json\/wp\/v2\/media?parent=2106"}],"wp:term":[{"taxonomy":"category","embeddable":true,"href":"https:\/\/santamariadegimenells.info\/index.php\/wp-json\/wp\/v2\/categories?post=2106"},{"taxonomy":"post_tag","embeddable":true,"href":"https:\/\/santamariadegimenells.info\/index.php\/wp-json\/wp\/v2\/tags?post=2106"}],"curies":[{"name":"wp","href":"https:\/\/api.w.org\/{rel}","templated":true}]}}