{"id":2104,"date":"2026-01-17T10:26:51","date_gmt":"2026-01-17T10:26:51","guid":{"rendered":"https:\/\/santamariadegimenells.info\/?p=2104"},"modified":"2026-01-17T11:15:46","modified_gmt":"2026-01-17T11:15:46","slug":"creacio-de-l-escola-de-nenes","status":"publish","type":"post","link":"https:\/\/santamariadegimenells.info\/index.php\/2026\/01\/17\/creacio-de-l-escola-de-nenes\/","title":{"rendered":"Creaci\u00f3 de les Escoles de nenes i de nens"},"content":{"rendered":"<p style=\"text-align: justify;\"><strong><span style=\"font-family: 'times new roman', times, serif; font-size: 14pt;\">Creaci\u00f3 de l&#8217;Escola Nacional d&#8217;Ensenyament Primari de Santa Maria de Gimenells per a nens.<\/span><\/strong><\/p>\n<p style=\"text-align: justify;\"><span style=\"font-family: 'times new roman', times, serif; font-size: 14pt;\">L&#8217;Escola Nacional d&#8217;Ensenyament Primari de Santa Maria de Gimenells va ser establerta per a proporcionar educaci\u00f3 b\u00e0sica als nens de la Col\u00f2nia Cgr\u00edcola i els seus voltants. La creaci\u00f3 d&#8217;aquesta escola va ser un pas important en el desenvolupament social i educatiu de la comunitat.<\/span><\/p>\n<p style=\"text-align: justify;\"><span style=\"font-family: 'times new roman', times, serif; font-size: 14pt;\">L&#8217;escola va ser fundada en un per\u00edode en el qual l&#8217;educaci\u00f3 prim\u00e0ria s&#8217;estava expandint a Espanya, especialment en \u00e0rees rurals.<\/span><\/p>\n<p style=\"text-align: justify;\"><span style=\"font-family: 'times new roman', times, serif; font-size: 14pt;\">Necessitat Educativa: La creixent poblaci\u00f3 de la col\u00f2nia agr\u00edcola requeria una infraestructura educativa per a garantir l&#8217;acc\u00e9s a l&#8217;educaci\u00f3 dels nens.<\/span><\/p>\n<p style=\"text-align: justify;\"><span style=\"font-family: 'times new roman', times, serif; font-size: 14pt;\">L&#8217;escola va ser establerta l&#8217;any 1931.<\/span><\/p>\n<p style=\"text-align: justify;\"><span style=\"font-family: 'times new roman', times, serif; font-size: 14pt;\">El objectius de l&#8217;escola foren p<\/span><span style=\"font-family: 'times new roman', times, serif; font-size: 14pt;\">roporcionar educaci\u00f3 prim\u00e0ria als nens de la comunitat, f<\/span><span style=\"font-family: 'times new roman', times, serif; font-size: 14pt;\">omentar el desenvolupament integral dels estudiants i c<\/span><span style=\"font-family: 'times new roman', times, serif; font-size: 14pt;\">ontribuir a la formaci\u00f3 d&#8217;una ciutadania responsable i educada.<\/span><\/p>\n<p style=\"text-align: justify;\"><span style=\"font-family: 'times new roman', times, serif; font-size: 14pt;\">L&#8217;escola comptava amb aules adequades i recursos b\u00e0sics per a l&#8217;ensenyament.<\/span><\/p>\n<p style=\"text-align: justify;\"><span style=\"font-family: 'times new roman', times, serif; font-size: 14pt;\">El Curr\u00edculum estava enfocat en l&#8217;educaci\u00f3 prim\u00e0ria.<\/span><\/p>\n<p style=\"text-align: justify;\"><span style=\"font-family: 'times new roman', times, serif; font-size: 14pt;\">L&#8217;Impacte en la Comunitat va donar a<\/span><span style=\"font-family: 'times new roman', times, serif; font-size: 14pt;\">cc\u00e9s a l&#8217;educaci\u00f3.<\/span><\/p>\n<p style=\"text-align: justify;\"><span style=\"font-family: 'times new roman', times, serif; font-size: 14pt;\">La creaci\u00f3 de l&#8217;escola va millorar l&#8217;acc\u00e9s a l&#8217;educaci\u00f3 per als nens de la zona, reduint l&#8217;analfabetisme.<\/span><\/p>\n<p style=\"text-align: justify;\"><span style=\"font-family: 'times new roman', times, serif; font-size: 14pt;\">L&#8217;escola es va convertir en un punt central de la comunitat, promovent activitats culturals i socials.<\/span><\/p>\n<p><strong><span style=\"font-family: 'times new roman', times, serif; font-size: 14pt;\">Creaci\u00f3 de l&#8217;Escola Nacional d&#8217;Ensenyament Primari de Santa Maria de Gimenells per a nenes.<\/span><\/strong><\/p>\n<h5><span style=\"font-size: 10pt;\"><img loading=\"lazy\" decoding=\"async\" class=\"alignnone size-full wp-image-2264\" src=\"http:\/\/santamariadegimenells.info\/wp-content\/uploads\/2026\/01\/Nenes-escola.jpg\" alt=\"\" width=\"1252\" height=\"851\" srcset=\"https:\/\/santamariadegimenells.info\/wp-content\/uploads\/2026\/01\/Nenes-escola.jpg 1252w, https:\/\/santamariadegimenells.info\/wp-content\/uploads\/2026\/01\/Nenes-escola-300x204.jpg 300w, https:\/\/santamariadegimenells.info\/wp-content\/uploads\/2026\/01\/Nenes-escola-1024x696.jpg 1024w, https:\/\/santamariadegimenells.info\/wp-content\/uploads\/2026\/01\/Nenes-escola-768x522.jpg 768w\" sizes=\"auto, (max-width: 1252px) 100vw, 1252px\" \/><\/span><\/h5>\n<h5 style=\"text-align: center;\"><span style=\"font-size: 10pt;\"><em>Alumnes de l&#8217;escola de noies<\/em><\/span><\/h5>\n<p style=\"text-align: justify;\"><span style=\"font-family: 'times new roman', times, serif; font-size: 14pt;\">La creaci\u00f3 de l&#8217;Escola Nacional d&#8217;Ensenyament Primari per a nenes de Santa Maria de Gimenells va representar un avan\u00e7 significatiu en l&#8217;educaci\u00f3 de la regi\u00f3, contribuint al desenvolupament de la comunitat i al benestar dels seus habitants.<\/span><\/p>\n<p style=\"text-align: justify;\"><span style=\"font-family: 'times new roman', times, serif; font-size: 14pt;\">En el butllet\u00ed oficial de 15 d&#8217;abril de 1953 es disposa que \u201ces consideri creada provisionalment una Escola Nacional Unit\u00e0ria de nenes, amb destinaci\u00f3 a la Col\u00f2nia Agr\u00edcola de Santa Mar\u00eda de Gimenells, del terme municipal d&#8217;Alpicat (Lleida)\u201d. BOE-1953-105 pag. 2045. Aquesta o<\/span><span style=\"font-family: 'times new roman', times, serif; font-size: 14pt;\">rdre ministerial dona compte de la creaci\u00f3 provisional de l&#8217;Escola Nacional Unit\u00e0ria de Nenes en l&#8217;Obra Tutelar Agr\u00e0ria (OTA), en la col\u00f2nia agr\u00edcola de Santa Mar\u00eda de Gimenells (terme d&#8217;Alpicat, Lleida). <\/span><\/p>\n<p style=\"text-align: justify;\"><span style=\"font-family: 'times new roman', times, serif; font-size: 14pt;\">Aqu\u00ed es mostren les dades i el que es pot extreure del document:<\/span><br \/>\n<em><span style=\"font-family: 'times new roman', times, serif; font-size: 14pt;\">Dades principals de l&#8217;Ordre<\/span><\/em><br \/>\n<span style=\"font-family: 'times new roman', times, serif; font-size: 14pt;\">\u2022 <em>Data<\/em>: Ordre del Ministeri corresponent que apareix en el Butllet\u00ed Oficial de l&#8217;Estat (BOE) de 15 d&#8217;abril de 1953. BOE+1<\/span><br \/>\n<em><span style=\"font-family: 'times new roman', times, serif; font-size: 14pt;\">\u2022 Text clau: <\/span><\/em><span style=\"font-family: 'times new roman', times, serif; font-size: 14pt;\">\u201cQue es consideri creada provisionalment una Escola Nacional Unit\u00e0ria de nenes, amb destinaci\u00f3 a la Col\u00f2nia Agr\u00edcola de Santa Mar\u00eda de Gimenells, del terme municipal d&#8217;Alpicat (Lleida).\u201d\u00a0<\/span><br \/>\n<span style=\"font-family: 'times new roman', times, serif; font-size: 14pt;\">\u2022 <em>R\u00e8gim:<\/em> L&#8217;escola queda sotmesa \u201cen la seva organitzaci\u00f3, direcci\u00f3 i provisi\u00f3 a un Consell de Protecci\u00f3 Escolar\u201d el president de la qual honorari \u00e9s el Director general d&#8217;Ensenyament Primari, juntament amb altres c\u00e0rrecs (President de la OTA, etc.).\u00a0<\/span><br \/>\n<span style=\"font-family: 'times new roman', times, serif; font-size: 14pt;\">\u2022 <em>Tipus:<\/em> Escola \u201cunit\u00e0ria\u201d (\u00e9s a dir d&#8217;una secci\u00f3 \u00fanica) per a nenes, de r\u00e8gim nacional.<\/span><br \/>\n<span style=\"font-family: 'times new roman', times, serif; font-size: 14pt;\">\u2022 <em>Ubicaci\u00f3:<\/em> Col\u00f2nia Agr\u00edcola de Santa Mar\u00eda de Gimenells, terme d&#8217;Alpicat (Lleida).<\/span><br \/>\n<span style=\"font-family: 'times new roman', times, serif; font-size: 14pt;\">\u2022 <em>Context:<\/em> En el marc d&#8217;escoles nacionals creades pel Ministeri d&#8217;Educaci\u00f3 Nacional durant el franquisme, dependents de Consells de Protecci\u00f3 Escolar, etc<\/span><\/p>\n<p style=\"text-align: justify;\"><span style=\"font-family: 'times new roman', times, serif; font-size: 14pt;\">ORDRE de 6 de mar\u00e7 de 1953 per la qual es crea una escola promogutunit\u00e0ria de nenes amb destinaci\u00f3 a la Col\u00f2nia Agr\u00edcola de Santa Mar\u00eda de Gimenells, d&#8217;Alpicat (Lleida).<\/span><\/p>\n<p><span style=\"font-family: 'times new roman', times, serif; font-size: 14pt;\">llim. Sr.: Vist l\u2019expedient\u00a0promogut\u00a0pel President de l&#8217;Obra Tutelar Agr\u00e0ria de la Col\u00f2nia Agr\u00edcola de Santa Mar\u00eda de Gimenells del terme municipal d&#8217;Alpicat (Lleida), en sol\u00b7licitud de la creaci\u00f3 d&#8217;una Escola Unit\u00e0ria de nenes en r\u00e8gim de Consell de Protecci\u00f3 escolar.<\/span><\/p>\n<p><span style=\"font-family: 'times new roman', times, serif; font-size: 14pt;\">Tenint en compte que es disposa de tots quants elements s\u00f3n necessaris per a l&#8217;adequada instal\u00b7laci\u00f3 i immediat funcionament de l&#8217;Escola que se sol\u00b7licita; que igualment es disposa de casa-habitaci\u00f3 facilitada per l&#8217;entitat peticion\u00e0ria amb destinaci\u00f3 a la senyora Mestra que es designi per a regentar-la; que els interessos de\u00a0tal\u00a0ensenyament\u00a0ac\u00f3nsellen\u00a0accedir al sol\u00b7licitat; que existeix Cr\u00e8dit disponible del consignat en el Pressupost de despeses d&#8217;aquest Departament de 1952 per a la creaci\u00f3 de noves places, de Mestres nacionals; el favorable informe em\u00e8s per la Inspecci\u00f3 Central d&#8217;Ensenyament Primari, i fent \u00fas de les facultats que a aquest Departament confereix el Decret de 9 d&#8217;abril de 1949 (BOLETIN\u00a0OFICIAL DEL ESTADOT del dia 27).<\/span><\/p>\n<p><span style=\"font-family: 'times new roman', times, serif; font-size: 14pt;\">Aquest Ministeri ha disposat:<\/span><\/p>\n<p><span style=\"font-family: 'times new roman', times, serif; font-size: 14pt;\">1r Que es consideri creada provisionalment una Escola\u00a0Nacional\u00a0Unit\u00e0ria de nenes, amb destinaci\u00f3 a la Col\u00f2nia Agr\u00edcola de Santa Mar\u00eda de Gimenells, del terme municipal d&#8217;Alpicat (Lleida).<\/span><\/p>\n<p><span style=\"font-family: 'times new roman', times, serif; font-size: 14pt;\">2n Que l&#8217;expressada Escola Nacional quedi sotmesa en la seva organitzaci\u00f3, direcci\u00f3 i provisi\u00f3 a un Consell de Protecci\u00f3 escolar, que quedar\u00e0 integrat en la seg\u00fcent forma:<\/span><\/p>\n<p><span style=\"font-family: 'times new roman', times, serif; font-size: 14pt;\">a) President honorari: L\u2019il\u00b7lustr\u00edssim senyor Director general d&#8217;Ensenyament Primari.<\/span><br \/>\n<span style=\"font-family: 'times new roman', times, serif; font-size: 14pt;\">b) El president de l&#8217;Obra Tutelar Agr\u00e0ria.<\/span><br \/>\n<span style=\"font-family: 'times new roman', times, serif; font-size: 14pt;\">c) Vocals: L&#8217;Administrador de la citada Obra Tutelar; el Capell\u00e0 d&#8217;aquesta; el senyor President de l&#8217;entitat local Menor de Gimenells; el senyor Inspector d&#8217;Ensenyament primari de la Zona.<\/span><br \/>\n<span style=\"font-family: 'times new roman', times, serif; font-size: 14pt;\">d) Secretari: Don Luis\u00a0Vall\u00e9s\u00a0Santamar\u00eda, empleat de l&#8217;Obra Tutelar.<\/span><\/p>\n<p><span style=\"font-family: 'times new roman', times, serif; font-size: 14pt;\">3r La dotaci\u00f3 d&#8217;aquesta nova pla\u00e7a de Mestra nacional ser\u00e0 la corresponent al sou personal que per la seva situaci\u00f3 en l&#8217;Escalaf\u00f3 General del Magisteri tingui la que es designi per a regentar-la, i per a la provisi\u00f3 de les resultes es considerar\u00e0 creada una pla\u00e7a de Mestra nacional, dotada amb el sou d&#8217;entrada i emoluments legals amb c\u00e0rrec al cr\u00e8dit que per a aquestes atencions figurava consignat en el passat Pressupost de despeses de 1952.<\/span><\/p>\n<p><span style=\"font-family: 'times new roman', times, serif; font-size: 14pt;\">4t Seran facultats de l&#8217;expressat Consell de Protecci\u00f3 Escolar, amb independ\u00e8ncia de les quals li siguin pr\u00f2pies en relaci\u00f3 amb l&#8217;ensenyament, l&#8217;elevar a aquest Ministeri, conformement a les disposicions vigents, l&#8217;oportuna proposta de nomenament de la Mestra de l&#8217;Escalaf\u00f3 General del Magisteri, amb destinaci\u00f3 a l&#8217;Escola que es cregui en virtut d&#8217;aquesta Ordre.<\/span><\/p>\n<p><span style=\"font-family: 'times new roman', times, serif; font-size: 14pt;\">5\u00e8 Transcorregut el termini d&#8217;un any, a partir de la data de la present Ordre, el Consell de Protecci\u00f3 Escolar podr\u00e0 sol\u00b7licitar l&#8217;elevaci\u00f3 a creaci\u00f3 definitiva i a la vista de\u00a01a\u00a0petici\u00f3 la Secci\u00f3 de Creaci\u00f3 d&#8217;Escoles recaptar\u00e0\u00a0informe\u00a0sobre funcionament a la Inspecci\u00f3 Central d&#8217;Ensenyament Primari, resolent-se en conseq\u00fc\u00e8ncia.<\/span><\/p>\n<p><span style=\"font-family: 'times new roman', times, serif; font-size: 14pt;\">Ho dic a V.I. perqu\u00e8 en prengueu coneixement i altres efectes.<\/span><\/p>\n<p><span style=\"font-family: 'times new roman', times, serif; font-size: 14pt;\">D\u00e9u guardi a V.I. molts anys.<\/span><\/p>\n<p><span style=\"font-family: 'times new roman', times, serif; font-size: 14pt;\">Madrid, 6 de mar\u00e7 de 1953.<\/span><\/p>\n<p><span style=\"font-family: 'times new roman', times, serif; font-size: 14pt;\">RUIZ-GIMENEZ<\/span><\/p>\n<p><span style=\"font-family: 'times new roman', times, serif; font-size: 14pt;\">Il\u00b7lm. Sr. Director\u00a0general\u00a0d&#8217;Ensenyament Primari.<\/span><\/p>\n","protected":false},"excerpt":{"rendered":"<p>&#46;&#46;&#46;<\/p>\n","protected":false},"author":1,"featured_media":0,"comment_status":"closed","ping_status":"closed","sticky":false,"template":"","format":"standard","meta":{"footnotes":""},"categories":[9],"tags":[],"class_list":["post-2104","post","type-post","status-publish","format-standard","hentry","category-historia"],"_links":{"self":[{"href":"https:\/\/santamariadegimenells.info\/index.php\/wp-json\/wp\/v2\/posts\/2104","targetHints":{"allow":["GET"]}}],"collection":[{"href":"https:\/\/santamariadegimenells.info\/index.php\/wp-json\/wp\/v2\/posts"}],"about":[{"href":"https:\/\/santamariadegimenells.info\/index.php\/wp-json\/wp\/v2\/types\/post"}],"author":[{"embeddable":true,"href":"https:\/\/santamariadegimenells.info\/index.php\/wp-json\/wp\/v2\/users\/1"}],"replies":[{"embeddable":true,"href":"https:\/\/santamariadegimenells.info\/index.php\/wp-json\/wp\/v2\/comments?post=2104"}],"version-history":[{"count":7,"href":"https:\/\/santamariadegimenells.info\/index.php\/wp-json\/wp\/v2\/posts\/2104\/revisions"}],"predecessor-version":[{"id":2265,"href":"https:\/\/santamariadegimenells.info\/index.php\/wp-json\/wp\/v2\/posts\/2104\/revisions\/2265"}],"wp:attachment":[{"href":"https:\/\/santamariadegimenells.info\/index.php\/wp-json\/wp\/v2\/media?parent=2104"}],"wp:term":[{"taxonomy":"category","embeddable":true,"href":"https:\/\/santamariadegimenells.info\/index.php\/wp-json\/wp\/v2\/categories?post=2104"},{"taxonomy":"post_tag","embeddable":true,"href":"https:\/\/santamariadegimenells.info\/index.php\/wp-json\/wp\/v2\/tags?post=2104"}],"curies":[{"name":"wp","href":"https:\/\/api.w.org\/{rel}","templated":true}]}}