{"id":2090,"date":"2026-01-17T10:23:47","date_gmt":"2026-01-17T10:23:47","guid":{"rendered":"https:\/\/santamariadegimenells.info\/?p=2090"},"modified":"2026-01-17T11:16:37","modified_gmt":"2026-01-17T11:16:37","slug":"vedat-de-caca-gimenells-historia","status":"publish","type":"post","link":"https:\/\/santamariadegimenells.info\/index.php\/2026\/01\/17\/vedat-de-caca-gimenells-historia\/","title":{"rendered":"Vedat de ca\u00e7a de Gimenells"},"content":{"rendered":"<p style=\"text-align: justify;\"><span style=\"font-family: 'times new roman', times, serif; font-size: 14pt;\">El vedat de ca\u00e7a de Gimenells te una hist\u00f2ria molt vinculada a la transformaci\u00f3 agr\u00edcola i social de l&#8217;\u00e0rea durant el segle XX, especialment amb l&#8217;arribada de l&#8217;Obra Tutelar Agr\u00e0ria i la colonitzaci\u00f3 rural. Inicialment, Gimenells era una zona despoblada i de gran extensi\u00f3 agr\u00edcola, que va comen\u00e7ar a ser explotada com a vedat de ca\u00e7a per diversos propietaris fins que, el 1928, \u00e9s va iniciar la repoblaci\u00f3 i transformaci\u00f3 agr\u00edcola amb els primers regadius gr\u00e0cies a l&#8217;Obra Tutelar Agr\u00e0ria, que va reconvertir bona part del territori en finques d&#8217;\u00fas tamb\u00e9 agrari.<\/span><\/p>\n<p style=\"text-align: justify;\"><span style=\"font-family: 'times new roman', times, serif; font-size: 14pt;\"><strong>Or\u00edgens i funci\u00f3 cineg\u00e8tica<\/strong><\/span><\/p>\n<p style=\"text-align: justify;\"><span style=\"font-family: 'times new roman', times, serif; font-size: 14pt;\">Durant la primera meitat del segle XX, grans finques de la zona de Gimenells, de Vallmanya i Montagut, \u00e9s gestionaven com a vedaats de ca\u00e7a menor i major. La zona era coneguda per la pres\u00e8ncia de conills i altres esp\u00e8cies, fet que va atreure batudes de ca\u00e7adors i va donar import\u00e0ncia social a la ca\u00e7a, que serbia tant per controlar la fauna com per a activitats recreatives de l&#8217;alta societat catalana.<\/span><\/p>\n<p style=\"text-align: justify;\"><span style=\"font-family: 'times new roman', times, serif; font-size: 14pt;\"><strong>Transformaci\u00f3 agr\u00e0ria i fi de la funci\u00f3 principal cineg\u00e8tica<\/strong><\/span><\/p>\n<p style=\"text-align: justify;\"><span style=\"font-family: 'times new roman', times, serif; font-size: 14pt;\">Amb la compra i expropiaci\u00f3 de terres per l&#8217;Obra Tutelar Agr\u00e0ria a partir de 1943, la funci\u00f3 priorit\u00e0ria del territori va passar de ser vedat de ca\u00e7a a la colonitzaci\u00f3 agr\u00edcola, repartint lots entre colons, majorit\u00e0riament fam\u00edlies provinents d&#8217;Andalusia. Gimenells va experimentar una repoblaci\u00f3 i una reorganitzaci\u00f3 amb la creaci\u00f3 d&#8217;infraestructures i habitatges que van anar reduint la funci\u00f3 cineg\u00e8tica per donar prioritat a l&#8217;agricultura moderna.<\/span><\/p>\n<p style=\"text-align: justify;\"><span style=\"font-family: 'times new roman', times, serif; font-size: 14pt;\"><strong>Relaci\u00f3 amb la societat local i gesti\u00f3 actual<\/strong><\/span><\/p>\n<p style=\"text-align: justify;\"><span style=\"font-family: 'times new roman', times, serif; font-size: 14pt;\">Els vedats de ca\u00e7a de la zona van estar gestionats tradicionalment per societats de ca\u00e7adors locals, que feien acords de cessi\u00f3 d&#8217;\u00fas dels terrenys amb els propietaris o amb l&#8217;ajuntament, segons la legislaci\u00f3 vigent. Aquesta gesti\u00f3 mixta \u00e9s mant\u00e9 en algunes \u00e0rees, tot i la reconversi\u00f3 de bona part del territori a \u00fas agr\u00edcola.<\/span><\/p>\n<p style=\"text-align: justify;\"><span style=\"font-family: 'times new roman', times, serif; font-size: 14pt;\">En resum, el vedat de ca\u00e7a de Gimenells va ser un element clau en la hist\u00f2ria local fins a l&#8217;arribada de la colonitzaci\u00f3 agr\u00edcola, conservant encara avui una dimensi\u00f3 patrimonial associada a la gesti\u00f3 cineg\u00e8tica i rural.<\/span><\/p>\n<p style=\"text-align: justify;\"><span style=\"font-family: 'times new roman', times, serif; font-size: 14pt;\"><strong>Hist\u00f2ria i origen del vedat de ca\u00e7a de Gimenells<\/strong><\/span><\/p>\n<p style=\"text-align: justify;\"><span style=\"font-family: 'times new roman', times, serif; font-size: 14pt;\">El vedat de ca\u00e7a de Gimenells te un origen que \u00e9s remunta als grans senyorius i latifundis, amb una vinculaci\u00f3 hist\u00f2rica a la noble nissaga Desvalls, propietaris del territori des del segle XIV. La zona de Gimenells, despoblada i destinada a l&#8217;agricultura extensiva, \u00e9s gestionava com a vedat de ca\u00e7a per la fam\u00edlia Desvalls i, posteriorment, per l&#8217;Obra Tutelar Agr\u00e0ria, que va introduir els primers regadius moderns i va impulsar la repoblaci\u00f3 a mitjan segle XX.<\/span><\/p>\n<p style=\"text-align: justify;\"><span style=\"font-family: 'times new roman', times, serif; font-size: 14pt;\"><strong>Origen medieval i evoluci\u00f3 territorial<\/strong><\/span><\/p>\n<p style=\"text-align: justify;\"><span style=\"font-family: 'times new roman', times, serif; font-size: 14pt;\">La hist\u00f2ria de Gimenells comen\u00e7a amb un poblat ilergeta de l&#8217;Edat de Bronze i evoluciona com a nucli defensiu a l&#8217;\u00e8poca romana i musulmana, passant a mans cristianes a finals del segle XII. El castell i terme de Gimenells van ser cedits als Desvalls al segle XIV, que instauressin una senyoria rural on la ca\u00e7a era una activitat b\u00e0sica, aprofitant l&#8217;abund\u00e0ncia de fauna de la plana.<\/span><\/p>\n<p style=\"text-align: justify;\"><span style=\"font-family: 'times new roman', times, serif; font-size: 14pt;\"><strong>El vedat de ca\u00e7a en la modernitat<\/strong><\/span><\/p>\n<p style=\"text-align: justify;\"><span style=\"font-family: 'times new roman', times, serif; font-size: 14pt;\">Despr\u00e9s d&#8217;un per\u00edode de despoblament, el territori va ser reacondicionat a principis del segle XX per Ram\u00f3n Alb\u00f3, qui crea l&#8217;Obra Tutelar Agr\u00e0ria i gestiona els finques com a vedat de ca\u00e7a, reservat principalment per a l&#8217;alta societat i les activitats cineg\u00e8tiques tradicionals. Amb l&#8217;expropiaci\u00f3 de terrenys i la colonitzaci\u00f3 agr\u00edcola a partir de 1943, la ca\u00e7a passa a ser una activitat gestionada per societats locals i complement\u00e0ria a l&#8217;agricultura.<\/span><\/p>\n<p style=\"text-align: justify;\"><span style=\"font-family: 'times new roman', times, serif; font-size: 14pt;\"><strong>Societats de ca\u00e7adors i gesti\u00f3 actual.<\/strong><\/span><\/p>\n<p style=\"text-align: justify;\"><span style=\"font-family: 'times new roman', times, serif; font-size: 14pt;\">A partir dels anys setanta, apareixen societats de ca\u00e7adors locals que regulen la ca\u00e7a seguint la nova legislaci\u00f3 estatal, gestionant els espais naturals i l&#8217;activitat cineg\u00e8tica de forma organitzada, combinant la tradici\u00f3 amb el gaudi social. Aquesta gesti\u00f3 ha perm\u00e8s conservar la funci\u00f3 cineg\u00e8tica com a part del patrimoni rural de Gimenells.<\/span><\/p>\n<p style=\"text-align: justify;\"><span style=\"font-family: 'times new roman', times, serif; font-size: 14pt;\">En definitiva, el vedat de ca\u00e7a de Gimenells recull una hist\u00f2ria de senyorius medievals, latifundis moderns, repoblaci\u00f3 agr\u00e0ria i gesti\u00f3, amb una funci\u00f3 que va evolucionar doncs de l&#8217;activitat aristocr\u00e0tica fins a la tradici\u00f3 popular i rural.<\/span><\/p>\n<p style=\"text-align: justify;\"><span style=\"font-family: 'times new roman', times, serif; font-size: 14pt;\"><strong>Com va afectar la Guerra de Successi\u00f3 la ca\u00e7a a Gimenells<\/strong><\/span><\/p>\n<p style=\"text-align: justify;\"><span style=\"font-family: 'times new roman', times, serif; font-size: 14pt;\">La Guerra de Successi\u00f3 (1702-1714) va afectar profundament la zona de Gimenells, provocant la desaparici\u00f3 del municipi i de la parr\u00f2quia original durant el conflicte. Despr\u00e9s de la confrontaci\u00f3, gran part del territori va quedar despoblat i sense conreu, amb una marcada reducci\u00f3 de l&#8217;activitat humana que tamb\u00e9 va afectar la ca\u00e7a, ja que la gesti\u00f3 senyorial dels boscos i les pastures va quedar alterada i desorganitzada.<\/span><\/p>\n<p style=\"text-align: justify;\"><span style=\"font-family: 'times new roman', times, serif; font-size: 14pt;\"><strong>Efectes directes sobre l&#8217;activitat cineg\u00e8tica<\/strong><\/span><\/p>\n<p style=\"text-align: justify;\"><span style=\"font-family: 'times new roman', times, serif; font-size: 14pt;\">La despoblaci\u00f3 conseq\u00fcent de la guerra va afavorir inicialment la recuperaci\u00f3 de la fauna salvatge, per\u00f2 la creaci\u00f3 d&#8217;una organitzaci\u00f3 feudal estable va comportar que la ca\u00e7a deix\u00e9s de ser regulada sota el control noble tradicional i \u00e9s converteix progressivament en una activitat menys estructurada. El territori \u00e9s mantindr\u00e0 durant segles com a gran erm on la ca\u00e7a i la pastura \u00e9s realitzaven de forma espont\u00e0nia, sense la pres\u00e8ncia d&#8217;autoritats o gesti\u00f3 especialitzada.<\/span><\/p>\n<p style=\"text-align: justify;\"><span style=\"font-family: 'times new roman', times, serif; font-size: 14pt;\"><strong>Transformaci\u00f3 de la propietat i usos rurals<\/strong><\/span><\/p>\n<p style=\"text-align: justify;\"><span style=\"font-family: 'times new roman', times, serif; font-size: 14pt;\">La guerra va marcar la fi de la gesti\u00f3 tradicional per part de la nissaga Desvalls, que veia el territori com un lloc de ca\u00e7a senyorial. Amb la despoblaci\u00f3, la propietat i l&#8217;\u00fas de la terra van transformar-se significativament, facilitant en el futur la reorganitzaci\u00f3 com a vedat cineg\u00e8tic de gran extensi\u00f3 i, m\u00e9s endavant, la seva recuperaci\u00f3 agr\u00edcola i la repoblaci\u00f3.<\/span><\/p>\n<p style=\"text-align: justify;\"><span style=\"font-family: 'times new roman', times, serif; font-size: 14pt;\">En resum, la Guerra de Successi\u00f3 va causar la destrucci\u00f3 de l&#8217;estructura social i rural de Gimenells, va afavorir la desregulaci\u00f3 de la ca\u00e7a i va deixar el territori abandonat fins a principis del segle XX, moment en qu\u00e8 es repren la gesti\u00f3 rural moderna.<\/span><\/p>\n<p style=\"text-align: justify;\"><span style=\"font-family: 'times new roman', times, serif; font-size: 14pt;\"><strong>Canvis en els lleis de ca\u00e7a despr\u00e9s de 1714 a la comarca<\/strong><\/span><\/p>\n<p style=\"text-align: justify;\"><span style=\"font-family: 'times new roman', times, serif; font-size: 14pt;\">Despr\u00e9s de 1714, amb la derrota catalana i la instauraci\u00f3 del r\u00e8gim borb\u00f2nic, les lleis de ca\u00e7a van experimentar canvis substancials a la comarca i a tot Catalunya. El sistema legal va passar de ser gestionat per les antigues jurisdiccions feudals i senyorials, on la ca\u00e7a estava reservada principalment als nobles, a una regulaci\u00f3 m\u00e9s centralitzada i restrictiva, sota l&#8217;autoritat directa de l&#8217;estat borb\u00f2nic.<\/span><\/p>\n<p style=\"text-align: justify;\"><span style=\"font-family: 'times new roman', times, serif; font-size: 14pt;\"><strong>Nova regulaci\u00f3 i restriccions<\/strong><\/span><\/p>\n<p style=\"text-align: justify;\"><span style=\"font-family: 'times new roman', times, serif; font-size: 14pt;\">Els decrets de Nova Planta van suprimir institucions catalans aut\u00f2nomes, i la ca\u00e7a va quedar subjecta a les lleis i edictes promulgats des de Madrid, augmentant la burocr\u00e0cia i la fiscalitzaci\u00f3 per controlar el territori, sancions contra la ca\u00e7a il\u00b7l\u00edcita i la protecci\u00f3 de determinades esp\u00e8cies.<\/span><\/p>\n<p style=\"text-align: justify;\"><span style=\"font-family: 'times new roman', times, serif; font-size: 14pt;\">El segle XVIII va estar marcat per c\u00e8dules reials peri\u00f2diques que controlaven l&#8217;\u00fas de reclams, la ca\u00e7a amb lla\u00e7os o xarxes, i regulaven els vedats anuals segons la conservaci\u00f3 de la fauna.<\/span><\/p>\n<p style=\"text-align: justify;\"><span style=\"font-family: 'times new roman', times, serif; font-size: 14pt;\"><strong>Impactes socials i territorials<\/strong><\/span><\/p>\n<p style=\"text-align: justify;\"><span style=\"font-family: 'times new roman', times, serif; font-size: 14pt;\">La poblaci\u00f3 rural va perdre drets antics tradicionals sobre la gesti\u00f3 cineg\u00e8tica, que quedava en mans de l&#8217;administraci\u00f3 reial; la ca\u00e7a fora dels reserveis legalitzats comportava moltes i, en alguns casos, penes de pres\u00f3. Aquesta pol\u00edtica va afavorir els grans propietaris i l&#8217;aristocr\u00e0cia, mentre restringia l&#8217;acc\u00e9s popular a la cacera fins ben entrat el segle XIX.<\/span><\/p>\n<p style=\"text-align: justify;\"><span style=\"font-family: 'times new roman', times, serif; font-size: 14pt;\">En conclusi\u00f3, la Guerra de Successi\u00f3 va comportar una centralitzaci\u00f3 legal i una forta restricci\u00f3 de l&#8217;activitat cineg\u00e8tica, allunyant la gesti\u00f3 de la ca\u00e7a dels senyorius locals i la poblaci\u00f3 rural, i posant-l&#8217;a en mans del nou r\u00e8gim borb\u00f2nic i, despr\u00e9s, de l&#8217;administraci\u00f3 estatal.<\/span><\/p>\n<p style=\"text-align: justify;\"><span style=\"font-family: 'times new roman', times, serif; font-size: 14pt;\"><strong>\u00a0<\/strong><\/span><span style=\"font-family: 'times new roman', times, serif; font-size: 14pt;\"><strong>Canvis en les lleis de ca\u00e7a despr\u00e9s de 1714 a la comarca<\/strong><\/span><\/p>\n<p style=\"text-align: justify;\"><span style=\"font-family: 'times new roman', times, serif; font-size: 14pt;\"><a href=\"https:\/\/www.perplexity.ai\/search\/coto-de-caza-gimenells-histori-1MPx3XmdRaudQc7mqpXXWA#3\"><strong>https:\/\/www.perplexity.ai\/search\/coto-de-caza-gimenells-histori-1MPx3XmdRaudQc7mqpXXWA#3<\/strong><\/a><\/span><\/p>\n<p style=\"text-align: justify;\"><span style=\"font-family: 'times new roman', times, serif; font-size: 14pt;\"><a href=\"https:\/\/www.perplexity.ai\/search\/coto-de-caza-gimenells-histori-1MPx3XmdRaudQc7mqpXXWA#4\">https:\/\/www.perplexity.ai\/search\/coto-de-caza-gimenells-histori-1MPx3XmdRaudQc7mqpXXWA#4<\/a><\/span><\/p>\n","protected":false},"excerpt":{"rendered":"<p>&#46;&#46;&#46;<\/p>\n","protected":false},"author":1,"featured_media":0,"comment_status":"closed","ping_status":"closed","sticky":false,"template":"","format":"standard","meta":{"footnotes":""},"categories":[9],"tags":[],"class_list":["post-2090","post","type-post","status-publish","format-standard","hentry","category-historia"],"_links":{"self":[{"href":"https:\/\/santamariadegimenells.info\/index.php\/wp-json\/wp\/v2\/posts\/2090","targetHints":{"allow":["GET"]}}],"collection":[{"href":"https:\/\/santamariadegimenells.info\/index.php\/wp-json\/wp\/v2\/posts"}],"about":[{"href":"https:\/\/santamariadegimenells.info\/index.php\/wp-json\/wp\/v2\/types\/post"}],"author":[{"embeddable":true,"href":"https:\/\/santamariadegimenells.info\/index.php\/wp-json\/wp\/v2\/users\/1"}],"replies":[{"embeddable":true,"href":"https:\/\/santamariadegimenells.info\/index.php\/wp-json\/wp\/v2\/comments?post=2090"}],"version-history":[{"count":4,"href":"https:\/\/santamariadegimenells.info\/index.php\/wp-json\/wp\/v2\/posts\/2090\/revisions"}],"predecessor-version":[{"id":2132,"href":"https:\/\/santamariadegimenells.info\/index.php\/wp-json\/wp\/v2\/posts\/2090\/revisions\/2132"}],"wp:attachment":[{"href":"https:\/\/santamariadegimenells.info\/index.php\/wp-json\/wp\/v2\/media?parent=2090"}],"wp:term":[{"taxonomy":"category","embeddable":true,"href":"https:\/\/santamariadegimenells.info\/index.php\/wp-json\/wp\/v2\/categories?post=2090"},{"taxonomy":"post_tag","embeddable":true,"href":"https:\/\/santamariadegimenells.info\/index.php\/wp-json\/wp\/v2\/tags?post=2090"}],"curies":[{"name":"wp","href":"https:\/\/api.w.org\/{rel}","templated":true}]}}