{"id":2041,"date":"2026-01-10T19:14:11","date_gmt":"2026-01-10T19:14:11","guid":{"rendered":"https:\/\/santamariadegimenells.info\/?p=2041"},"modified":"2026-01-10T19:14:28","modified_gmt":"2026-01-10T19:14:28","slug":"terra-i-franquisme-a-lleida","status":"publish","type":"post","link":"https:\/\/santamariadegimenells.info\/index.php\/2026\/01\/10\/terra-i-franquisme-a-lleida\/","title":{"rendered":"Terra i franquisme a Lleida"},"content":{"rendered":"<p><img loading=\"lazy\" decoding=\"async\" class=\"alignnone wp-image-2042 size-full\" src=\"http:\/\/santamariadegimenells.info\/wp-content\/uploads\/2026\/01\/Scan12.jpg\" alt=\"\" width=\"1024\" height=\"1582\" srcset=\"https:\/\/santamariadegimenells.info\/wp-content\/uploads\/2026\/01\/Scan12.jpg 1024w, https:\/\/santamariadegimenells.info\/wp-content\/uploads\/2026\/01\/Scan12-194x300.jpg 194w, https:\/\/santamariadegimenells.info\/wp-content\/uploads\/2026\/01\/Scan12-663x1024.jpg 663w, https:\/\/santamariadegimenells.info\/wp-content\/uploads\/2026\/01\/Scan12-768x1187.jpg 768w, https:\/\/santamariadegimenells.info\/wp-content\/uploads\/2026\/01\/Scan12-994x1536.jpg 994w\" sizes=\"auto, (max-width: 1024px) 100vw, 1024px\" \/><\/p>\n<p style=\"text-align: justify;\"><span style=\"font-family: 'times new roman', times, serif; font-size: 14pt;\">Com Ravent\u00f3s, van ser molts els empresaris que consideraren l&#8217;establiment de nous agricultors com un mitja per a incrementar la producci\u00f3 i posar en cultiu terrenys fins llavors improductius. Al seu costat algunes institucions benefiques vinculades al catolicisme social emfasitzaren el car\u00e1cter huma i moralitzador de la colonitzaci\u00f3. Recollint plantejaments ja esbossats en el segle XIX per filantrops i higienistes, van florir aix\u00ed iniciatives dirigides, almenys en teor\u00eda, a mitigar part del descontentament social mitjan\u00e7ant la.creaci\u00f3 de centres per a &#8220;<em>joves <\/em><em>moralment abandonats<\/em>&#8220;. Cal destacar en aquest sentit l&#8217;assaig protagonitzat per l\u2019Obra Tutelar Agraria (OTA) a Gimenells, vertader latifundi de m\u00e9s de cinc mil hectarees; una experiencia que, segons Moncl\u00fas i Oy\u00f3n, <em>&#8220;<\/em><em>sintetitza tot el poder regenerador de la col\u00f2nia agr\u00edcola pel que fa a la inf\u00e0ncia abandonada<\/em><em>&#8220;.<\/em><\/span><\/p>\n<p style=\"text-align: justify;\"><span style=\"font-family: 'times new roman', times, serif; font-size: 14pt;\">Fins aquell moment havia estat un acotat de ca\u00e7a i amb aquest proposit va ser arrendada a una societat de ca\u00e7adors de Barcelona. Ben entrats els anys vint nom\u00e9s es roturaven (en seca) les parts millors de les valls i un 10% aproximadamcnt de les planes, mentre que la resta romania com a garriga, coberta de roman\u00ed i de tim\u00f3.<\/span><\/p>\n<p style=\"text-align: justify;\"><span style=\"font-family: 'times new roman', times, serif; font-size: 14pt;\"><strong><em>\u00a0<\/em><\/strong><\/span><span style=\"font-family: 'times new roman', times, serif; font-size: 14pt;\"><strong><em>Ensenyar, treballar i regenerar:<\/em><\/strong><\/span><\/p>\n<p style=\"text-align: justify;\"><span style=\"font-family: 'times new roman', times, serif; font-size: 14pt;\"><strong><em>La colonia <\/em><\/strong><strong><em>agr\u00edcola de <\/em><\/strong><strong><em>Santa Maria <\/em><\/strong><strong><em>de Gimenells<\/em><\/strong><\/span><\/p>\n<p style=\"text-align: justify;\"><span style=\"font-family: 'times new roman', times, serif; font-size: 14pt;\">Gimenells constava d&#8217;una gran plana tocant al terme de Ra&#8217;imat (1.500 ha.) i d&#8217;una serie de petites valls on la salinitzaci\u00f3 feia molt dificult\u00f3s el conreu. El 1928 fou comprada per Ramon Alb\u00f3 Mart\u00ed, que era llavors jutge de menors.de Barcelona, president de la Uni\u00f3n Nacional de Tribunales Tutelares i membre del Consejo Superior de Protecci\u00f3n de Menores, com tamb\u00e9 cofundador de l&#8217;Obra Tutelar Agraria. L&#8217;objecte de l&#8217;operaci\u00f3 era crear una nova colonia on instruir com a llauradors el major nombre possible de joves sense llar, fent possible que algun d\u00eda accedissin a la propietat d&#8217;alguna parcel.la. Preocupar-se d&#8217;aquests nois, argumentava Alb\u00f3, era una obra, no sols de justicia i de caritat, sin\u00f3 tamb\u00e9 de &#8221; <em>benestar i de riquesa social, ja que la bona i especialitzada educaci\u00f3 i formaci\u00f3 dels mateixos, fa convertir en activitats i valors socials econ\u00f2mics, forces i elements francament antisocials<\/em>&#8220;.<\/span><\/p>\n<p style=\"text-align: justify;\"><span style=\"font-family: 'times new roman', times, serif; font-size: 14pt;\">Un cop acabat el proc\u00e9s d&#8217;aprenentatge, els tutelats tin drien la possibilitat d&#8217;escollir entre diverses alternatives: col,locar-se com a capatassos; teballar com a &#8221; <em>simples per\u00f2 experts i sempre sol\u00b7licitats mossos de cultiu, amb les condicions degudes que inspirin l&#8217;equitat i la just\u00edcia<\/em><em>&#8220;; <\/em>o b\u00e9 optar<em> &#8220;<\/em> <em>quan es constitueixin en fam\u00edlia<\/em><em>&#8220;<\/em>&#8211; a la formaci\u00f3 d&#8217;un petit patrimoni en una de les finques de la instituci\u00f3, objectiu aquest \u00faltim que constituia la vertadera ra\u00f3 de ser de l&#8217; OTA. Aquesta fou la finalitat de la compra de Gimenells, &#8220;<em>facilitar l&#8217;acc\u00e9s a la terra als m\u00e9s desposse\u00efts de mitjans propis de vida per poder-la obtenir\u201d<\/em><\/span><\/p>\n<p style=\"text-align: justify;\"><span style=\"font-family: 'times new roman', times, serif; font-size: 14pt;\">D&#8217;aqu\u00ed venia la insist\u00e9ncia en la importancia dels patrimonis familiars, &#8220;el m\u00e9s efica\u00e7 instrument de la repoblaci\u00f3 i de la colonitzaci\u00f3 interior\u201d<\/span><\/p>\n<p style=\"text-align: justify;\"><span style=\"font-family: 'times new roman', times, serif; font-size: 14pt;\">El cam\u00ed que, un cop admes l\u2019alumne, portava del reformatori al patrimoni familiar, era llarg i escabr\u00f3s, i havia de passar per tota una serie d&#8217;etapes que &#8220;preparaven&#8221; el futur pare i director d&#8217;explotaci\u00f3. Els menors de catorze anys ingressaven a les colonies en qualitat d&#8217;escolars. En acabar l&#8217;ensenyament primari passaven a ser considerats tutelats i llavors se&#8217;ls imposava una jornada laboral de vuit hores. Podien emancipar-se en tenir els divuit anys o sol-licitar la continuaci\u00f3 a Gimenells fins al moment de fer el servei militar. Pel que fa a la remuneraci\u00f3, <em>&#8220;<\/em><em>tan bon punt comencen els nois a treballar, se&#8217;ls assigna, a banda la seva manutenci\u00f3 i vestit, un sou setmanal, el qual augmenta a mesura que van progressant en les seves aptituds; d&#8217;aquest sou se&#8217;ls lliura una part a met\u00e0l\u00b7lic cada diumenge, segons el seu comportament i el seu treball, i la resta se&#8217;ls ingressa en una llibreta d&#8217;estalvi<\/em><em>&#8220;.<\/em><\/span><\/p>\n<p style=\"text-align: justify;\"><span style=\"font-family: 'times new roman', times, serif; font-size: 14pt;\">Una vegada llicenciats de l&#8217;exercit podien retornar a la colonia amb la qualificaci\u00f3 d&#8217;ex-tutelats. A tots els que en el treball agr\u00edcola demostressin capacitat i constancia se&#8217;ls atorgaria, despr\u00e9s de casats, el t\u00edtol de tutelats honor\u00edfics, en virtut del qual obtindrien un sou petit (a especificar en cada cas), eines de conreu, una casa i una porci\u00f3 de terreny. El salari no ser\u00eda percebut pel titular, sin\u00f3 que se li ingressaria en una llibreta de la Caixa d&#8217;Estalvis, de la qual no en podr\u00eda disposar fins deu anys m\u00e9s tard. D&#8217;aquesta manera l&#8217;OTA vendr\u00eda, al final del proc\u00e9s, la parcel-la que una d\u00e8cada abans havia lliurat al seu tutelat honor\u00edfic a canvi de la quantitat en metal-lic estalviada for\u00e7osament en aquells anys de treball. (Les dades proporcionadcs pel propi Ramon Alb\u00f3 parlen de dos lots concedits en plena propietat des de 1929 fins a 1955.<\/span><\/p>\n<p style=\"text-align: justify;\"><span style=\"font-family: 'times new roman', times, serif; font-size: 14pt;\">En iniciar-se la decada dels anys quaranta, la laboriositat dels interns i les innegables qualitats empresarials i d&#8217;organitzaci\u00f3 de la propietat, havien aconseguit de transformar 1.500 hectarees de Gimenells i convertir-les en camps de cereals, pan\u00eds i alfals. La major part de la propietat era regentada directament per l&#8217;OTA (4.112 ha.) servint-se, a m\u00e9s dels nois residents a la colonia agr\u00edcola, de 33 obrers fixos i 24 d&#8217;eventuals. La resta de la finca estava arrendada a quaranta colons que explotaven superficies que, freq\u00fcentment, passaven del mig centenar d&#8217;hectarees. Aquestes unitats solien conrear unes sis o vuit ha. d&#8217;alfals i la resta de cereals. Nom\u00e9s es treballava en regadiu la zona del Pla de Gimenells, pagant en concepte de renda 100 pessetes per jornal a l&#8217;any. Malgrat que es tractava ele parcel,les que rebien aigua procedent del Canal, el precari i mal estat de la xarxa de sequies i desguassos feia que la productivitat no fos, com veurem, la que caldria esperar si el proc\u00e9s de transformaci\u00f3 hagu\u00e9s estat culminat.<\/span><\/p>\n<p style=\"text-align: justify;\"><span style=\"font-family: 'times new roman', times, serif; font-size: 14pt;\"><strong><em>L<\/em><\/strong><strong><em>&#8216;\u00e0<\/em><\/strong><strong><em>rea <\/em><\/strong><strong><em>declarada d&#8217;interes nacional<\/em><\/strong><\/span><\/p>\n<p style=\"text-align: justify;\"><span style=\"font-family: 'times new roman', times, serif; font-size: 14pt;\">Despr\u00e9s de l&#8217; aprovaci\u00f3 de la Ley de Grandes Zonas el 1939, el Decret de 25 de novembre de 1940 va declarar d&#8217;interes nacional 16.558 has de la comarca del Segria, La nova Zona Regable del Canal de Arag\u00f3n y Catalu\u00f1a (ZRCAC) estava integrada per cinc grans latifundis, la superficie dels quals oscillava entre set-centes i cinc mil hectarees: Montagut (5.068 ha.), Valmanya (3.355 ha.), Gimenells (5.612 ha.); Sucs (1.800 ha.) i Suquets (723 ha.)<\/span><\/p>\n<p style=\"text-align: justify;\"><span style=\"font-family: 'times new roman', times, serif; font-size: 14pt;\">Cuadre gr\u00e0fic de les finques<\/span><\/p>\n<p style=\"text-align: justify;\"><span style=\"font-family: 'times new roman', times, serif; font-size: 14pt;\">Les principals raons que van induir el Govern a actuar en aquelles terres van ser la concentraci\u00f3 de la propietat i la lentitud amb que es desenvolupava la introducci\u00f3 del regadiu. Es va pensar, en primer lloc, que el fet que tot l&#8217;espai millorable estigu\u00e9s en mans de cinc terratinents en facilitar\u00eda l&#8217;adquisici\u00f3.<\/span><\/p>\n<p style=\"text-align: justify;\"><span style=\"font-family: 'times new roman', times, serif; font-size: 14pt;\"><em>\u00a0<\/em><\/span><span style=\"font-family: 'times new roman', times, serif; font-size: 14pt;\"><strong><em>L&#8217;<\/em><\/strong><strong><em>es<\/em><\/strong><strong><em>peculaci\u00f3 dels <\/em><\/strong><strong><em>propietaris i el <\/em><\/strong><strong><em>replantejament de l<\/em><\/strong><strong><em>&#8216;acci\u00f3 co<\/em><\/strong><strong><em>lonitzadora<\/em><\/strong><\/span><\/p>\n<p style=\"text-align: justify;\"><span style=\"font-family: 'times new roman', times, serif; font-size: 14pt;\">Al llarg de les pagines preccdents, hem anat insistint en el fet que la colonitzaci\u00f3 de la ZRCAC va ser un negoci per als propietaris. Aquesta \u00e9s la primera conclusi\u00f3 que es despren del seguiment de la pol\u00edtica de compres practicada durant la decada dels anys quaranta i la primera meitat dels cinquanta. El fracas de la possible col.laboraci\u00f3 de societats de colonitzaci\u00f3, i la inexistencia de lleis capaces d&#8217;agilitar el proc\u00e9s de confiscaci\u00f3 de finques, van imposar a l&#8217;Institut la negociaci\u00f3 amb els terratinents. El resultat fou el modest percentatge de terres venudes durant els quinze anys posteriors a la declaraci\u00f3 d&#8217;interes nacional: nom\u00e9s 3.654 hectarees, que representaven un 22,07% de la superficie total ele la zona.<\/span><\/p>\n<p style=\"text-align: justify;\"><span style=\"font-family: 'times new roman', times, serif; font-size: 14pt;\"><strong>\u00a0<\/strong><\/span><span style=\"font-family: 'times new roman', times, serif; font-size: 14pt;\"><strong>Preus taxats <\/strong>i <strong>quantitats pagarles realment per l<\/strong><strong>&#8216;<\/strong><strong>Institut<\/strong><\/span><\/p>\n<table style=\"height: 203px;\" width=\"987\">\n<tbody>\n<tr>\n<td width=\"113\"><span style=\"font-family: 'times new roman', times, serif; font-size: 14pt;\"><strong>\u00a0<\/strong><\/span><\/td>\n<td width=\"145\">\n<p style=\"text-align: center;\"><span style=\"font-family: 'times new roman', times, serif; font-size: 14pt;\">Ha.\u00a0 <\/span><span style=\"font-family: 'times new roman', times, serif; font-size: 14pt;\">ADQUIRIDES<\/span><\/p>\n<\/td>\n<td width=\"204\">\n<p style=\"text-align: center;\"><span style=\"font-family: 'times new roman', times, serif; font-size: 14pt;\">PTS. Ha. PRESSUPOSTAT<\/span><\/p>\n<p><span style=\"font-family: 'times new roman', times, serif; font-size: 14pt;\">\u00a0 \u00a0 \u00a0 \u00a0 \u00a0PREU\u00a0 \u00a0 \u00a0 \u00a0 \u00a0 \u00a0 \u00a0 \u00a0 \u00a0 \u00a0 \u00a0 \u00a0 PREU\u00a0<\/span><\/td>\n<td width=\"198\">\n<p style=\"text-align: center;\"><span style=\"font-family: 'times new roman', times, serif; font-size: 14pt;\">PTS. Ha. REALMENT PAGAT<\/span><\/p>\n<p><span style=\"font-family: 'times new roman', times, serif; font-size: 14pt;\">\u00a0 \u00a0 \u00a0 PREU PAGAT\u00a0 \u00a0 \u00a0 \u00a0 \u00a0 \u00a0TOTAL<\/span><\/td>\n<\/tr>\n<tr>\n<td width=\"113\">\n<p style=\"text-align: center;\"><span style=\"font-family: 'times new roman', times, serif; font-size: 14pt;\">Gimenells<\/span><\/p>\n<\/td>\n<td width=\"145\">\n<p style=\"text-align: center;\"><span style=\"font-family: 'times new roman', times, serif; font-size: 14pt;\">1.380,54<\/span><\/p>\n<\/td>\n<td width=\"204\"><span style=\"font-family: 'times new roman', times, serif; font-size: 14pt;\">\u00a0 \u00a0 \u00a0 \u00a0 \u00a0890,94\u00a0 \u00a0 \u00a0 \u00a0 \u00a0 \u00a0 \u00a0 \u00a0 \u00a0 \u00a0 \u00a01.229.978<\/span><\/td>\n<td width=\"198\"><span style=\"font-family: 'times new roman', times, serif; font-size: 14pt;\">\u00a0 \u00a0 \u00a0 \u00a0 \u00a0 1.670,86\u00a0 \u00a0 \u00a0 \u00a0 \u00a0 \u00a0 \u00a0 \u00a02.306.684<\/span><\/td>\n<\/tr>\n<\/tbody>\n<\/table>\n<p style=\"text-align: justify;\"><span style=\"font-family: 'times new roman', times, serif; font-size: 14pt;\">Font: Elaboraci\u00f3 propia a partir deis informes conservats a la Delegaci\u00f3 Provincialde l&#8217;INC\/IRYDA<\/span><\/p>\n<p style=\"text-align: justify;\"><span style=\"font-family: 'times new roman', times, serif; font-size: 14pt;\">La primera parcel.la oferta a l&#8217;INC va procedir de l&#8217;Obra Tutelar Agraria (OTA). Es tractava d&#8217;un fragment de Gimenells situat en el sector IV i composat, a les seves 1.380 hectarees, per terres planes i valls al 50% (700 i 680 ha. respectivament). Per Decret de 29 de juliol de 1943 es va autoritzar l&#8217;expropiaci\u00f3 for\u00e7osa de tota aquesta superficie.<\/span><\/p>\n<p style=\"text-align: justify;\"><span style=\"font-family: 'times new roman', times, serif; font-size: 14pt;\">L&#8217;any 1955 l&#8217;actuaci\u00f3 estatal va rebre un impuls definitiu amb l&#8217;annexi\u00f3 de dues importants seccions de Gimenells. La m\u00e9s gran (2.394,85 ha.), pertanyent a l&#8217;Obra Tutelar Agraria, fou adquirida per 7.764.300 ptes (3.242,08 per ha.).<\/span><\/p>\n<p style=\"text-align: justify;\"><span style=\"font-family: 'times new roman', times, serif; font-size: 14pt;\">Els t\u00e9cnics del Ministeri tamb\u00e9 estaven interessats en Valmanya i en una parcel.la de 17,46 ha. que l&#8217;OTA tenia tocant al poble de Gimcnells. El predi de l&#8217;OTA, gracies a una oferta templadora (352.356 ples.) fou comprada per l&#8217;Administraci\u00f3 poc temps despr\u00e9s.<\/span><\/p>\n<p style=\"text-align: justify;\"><span style=\"font-family: 'times new roman', times, serif; font-size: 14pt;\">Les superficies anivellades a partir del 1958 (menys del 10% del total) produien 20,94 qm. de blat per hectarea, mentre que a la resta la collita normal era de 7. Els calculs fets pels perits del Ministeri donaven, per a la superficie conreada l&#8217;any agr\u00edcola del 1957-58, uns rendiments equivalents a 8,54 qm. de blat per ha., xifra molt inferior als 15 que calia per a la reserva especial. Un increment de nom\u00e9s cinc quintars al llarg dels setze anys d&#8217;actuaci\u00f3 (3,53 qm.\/ha. el 1942 i 8,54 el 1958), deia molt quant a les veritables intencions dels propietatis per dur a bon terme el proc\u00e9s de conversi\u00f3 a regadiu. Per tot aix\u00f3, i ates l&#8217;imperatiu de continuar la compra de terres, l&#8217;INC va propasar l&#8217;excepci\u00f3 de 891,86 ha. no dominades per la xarxa de reg i l&#8217;expropiaci\u00f3 de la superficie restant (2.989,13 ha.).<\/span><\/p>\n<p style=\"text-align: justify;\"><span style=\"font-family: 'times new roman', times, serif; font-size: 14pt;\">L&#8217;Obra Tutelar Agraria conservava encara, dintre ele la ZRCAC, 1.699,46 ha. en propietat. D&#8217;aquesta superficie, segons es deduia del <em>Plan General de Colonizaci\u00f3n, <\/em>1.472,58 eren irrigables o susceptibles de ser regades i conreades. La instancia presentada per l&#8217;entitat sol,licitava l&#8217;excepci\u00f3 de totes les terres planes (l.180,17 ha.) perque atenyien produccions de fins 16 qm.\/ha. de blat; aix\u00ed com la reserva d&#8217;una altra porci\u00f3 de 250 ha. on les millores introduides prometien dincrementar els rendimients per dlamunt, fins i tot, dels 25 qm. requerits per la llei. <\/span><\/p>\n","protected":false},"excerpt":{"rendered":"<p>&#46;&#46;&#46;<\/p>\n","protected":false},"author":1,"featured_media":0,"comment_status":"closed","ping_status":"closed","sticky":false,"template":"","format":"standard","meta":{"footnotes":""},"categories":[14],"tags":[],"class_list":["post-2041","post","type-post","status-publish","format-standard","hentry","category-resums-llibres"],"_links":{"self":[{"href":"https:\/\/santamariadegimenells.info\/index.php\/wp-json\/wp\/v2\/posts\/2041","targetHints":{"allow":["GET"]}}],"collection":[{"href":"https:\/\/santamariadegimenells.info\/index.php\/wp-json\/wp\/v2\/posts"}],"about":[{"href":"https:\/\/santamariadegimenells.info\/index.php\/wp-json\/wp\/v2\/types\/post"}],"author":[{"embeddable":true,"href":"https:\/\/santamariadegimenells.info\/index.php\/wp-json\/wp\/v2\/users\/1"}],"replies":[{"embeddable":true,"href":"https:\/\/santamariadegimenells.info\/index.php\/wp-json\/wp\/v2\/comments?post=2041"}],"version-history":[{"count":1,"href":"https:\/\/santamariadegimenells.info\/index.php\/wp-json\/wp\/v2\/posts\/2041\/revisions"}],"predecessor-version":[{"id":2043,"href":"https:\/\/santamariadegimenells.info\/index.php\/wp-json\/wp\/v2\/posts\/2041\/revisions\/2043"}],"wp:attachment":[{"href":"https:\/\/santamariadegimenells.info\/index.php\/wp-json\/wp\/v2\/media?parent=2041"}],"wp:term":[{"taxonomy":"category","embeddable":true,"href":"https:\/\/santamariadegimenells.info\/index.php\/wp-json\/wp\/v2\/categories?post=2041"},{"taxonomy":"post_tag","embeddable":true,"href":"https:\/\/santamariadegimenells.info\/index.php\/wp-json\/wp\/v2\/tags?post=2041"}],"curies":[{"name":"wp","href":"https:\/\/api.w.org\/{rel}","templated":true}]}}