{"id":2039,"date":"2026-01-10T19:07:12","date_gmt":"2026-01-10T19:07:12","guid":{"rendered":"https:\/\/santamariadegimenells.info\/?p=2039"},"modified":"2026-01-10T19:07:39","modified_gmt":"2026-01-10T19:07:39","slug":"donem-la-cara-i-cinc-col-loquis","status":"publish","type":"post","link":"https:\/\/santamariadegimenells.info\/index.php\/2026\/01\/10\/donem-la-cara-i-cinc-col-loquis\/","title":{"rendered":"Donem la Cara i cinc col.loquis"},"content":{"rendered":"<p><img loading=\"lazy\" decoding=\"async\" class=\"alignnone wp-image-2032 size-full\" src=\"http:\/\/santamariadegimenells.info\/wp-content\/uploads\/2026\/01\/libre-casanas.jpg\" alt=\"\" width=\"1178\" height=\"1896\" srcset=\"https:\/\/santamariadegimenells.info\/wp-content\/uploads\/2026\/01\/libre-casanas.jpg 1178w, https:\/\/santamariadegimenells.info\/wp-content\/uploads\/2026\/01\/libre-casanas-186x300.jpg 186w, https:\/\/santamariadegimenells.info\/wp-content\/uploads\/2026\/01\/libre-casanas-636x1024.jpg 636w, https:\/\/santamariadegimenells.info\/wp-content\/uploads\/2026\/01\/libre-casanas-768x1236.jpg 768w, https:\/\/santamariadegimenells.info\/wp-content\/uploads\/2026\/01\/libre-casanas-954x1536.jpg 954w\" sizes=\"auto, (max-width: 1178px) 100vw, 1178px\" \/><\/p>\n<p style=\"text-align: center;\"><span style=\"font-family: 'times new roman', times, serif; font-size: 14pt;\"><strong>COL\u00b7LOQUI AMB EL MON<\/strong><\/span><\/p>\n<p style=\"text-align: justify;\"><span style=\"font-family: 'times new roman', times, serif; font-size: 14pt;\"><strong>\u00a0<\/strong><strong>OBRA TUTELAR AGR\u00c0RIA<\/strong><\/span><\/p>\n<p style=\"text-align: justify;\"><span style=\"font-family: 'times new roman', times, serif; font-size: 14pt;\">Em vaig reunir amb el senyor Josep Pan\u00e9 en el seu despatx d&#8217;agricultura de l&#8217;edifici de la Diputaci\u00f3, a la rambla de Ferran de Lleida.<\/span><\/p>\n<p style=\"text-align: justify;\"><span style=\"font-family: 'times new roman', times, serif; font-size: 14pt;\">Em va explicar de que es tractava: em proposava que fos l&#8217;administrador i director t\u00e8cnic d&#8217;una finca de mil cinc-centes hect\u00e0rees anomenada Obra Tutelar Agr\u00e0ria, d&#8217; economia independent per\u00f2 vinculada espiritualment amb el Tribunal Titular de Menors de Barcelona. El propietari es deia Ramon Alb\u00f3 i Mart\u00ed, i acabava de morir despr\u00e9s d&#8217;una llarga malaltia. Havia deixat uns marmessors testamentaris amb els que jo m&#8217;havia d&#8217;entendre, per\u00f2 hav\u00edem de deixar passar una temporada per donar temps a l&#8217;administrador actual, Francisco Nolla Castillo, que havia presentat la dimissi\u00f3, a fi que pogu\u00e9s deixar el c\u00e0rrec i lliur\u00e9s els \u00faltims comptes de l&#8217;any, car aviat ser\u00edem a Nadal i el meu interlocutor creia que el canvi de poders no es podria realitzar abans del mes de mar\u00e7.<\/span><\/p>\n<p style=\"text-align: justify;\"><span style=\"font-family: 'times new roman', times, serif; font-size: 14pt;\"><strong>LA <\/strong><strong>COLONIA AGR\u00cdCOLA<\/strong><\/span><\/p>\n<p style=\"text-align: justify;\"><span style=\"font-family: 'times new roman', times, serif; font-size: 14pt;\">Carretera d&#8217;Osca, Ra\u00efmat, els polvorins militars de la quarta Regi\u00f3 en l&#8217;\u00fanica bifurcaci\u00f3 que hi ha, la de la dreta que va a Sucs i la de l&#8217;esquerra que va a Gimenells. En entrar a la col\u00f2nia agr\u00edcola, veiem dos o tres edificis nous sense ocupar que porten cadascun d&#8217;ells el nom de Casa de Fam\u00edlia. Parem davant l&#8217;oficina i ens saluda el comptable, que es deia Avel\u00b7l\u00ed Tena Palomo i amb qui els propers mesos naixeria una gran amistat. Va fer buscar el senyor Ramon Sert Arissa, encarregat de conreus. Els vam dir quin era el nostre objectiu i que est\u00e0vem autoritzats a visitar la finca per la junta de govern que governava el Patronat des de Barcelona. El senyor Sert es brind\u00e0 a acompanyar-nos i era, per descomptat, l&#8217;home indicat i posse\u00efdor de grans coneixements agr\u00edcoles.<\/span><\/p>\n<p style=\"text-align: justify;\"><span style=\"font-family: 'times new roman', times, serif; font-size: 14pt;\">Vam visitar camps i m\u00e9s camps, el pan\u00eds ja estava recol\u00b7lectat i l&#8217;apilaven en grans volums rodejats d&#8217;una tela met\u00e0l\u00b7lica de galliner. D&#8217;aquesta manera se&#8217;ls assecava durant for\u00e7a dies i despr\u00e9s el desgranaven amb unes maquinetes senzilles.<\/span><\/p>\n<p style=\"text-align: justify;\"><span style=\"font-family: 'times new roman', times, serif; font-size: 14pt;\">Tamb\u00e9 vam visitar la vaqueria, que contenia quinze o vint vaques molt maques, un gran toro reproductor i molt a prop, una de les quatre pletes en que, amb quatre pastors al front de cada una d&#8217;elles, hi tancaven a la nit el bestiar de llana.<\/span><\/p>\n<p style=\"text-align: justify;\"><span style=\"font-family: 'times new roman', times, serif; font-size: 14pt;\">Vam resseguir alguna s\u00e8quia de rec i vam comprovar com feien arribar l&#8217;aigua a les parts m\u00e9s altes dels camps i despr\u00e9s la deixaven lliscar per les faldes d&#8217;aquests petits turonets. Rec imprec\u00eds i poc exacte, que ells anomenaven &#8220;reg a manta&#8221;.<\/span><\/p>\n<p style=\"text-align: justify;\"><span style=\"font-family: 'times new roman', times, serif; font-size: 14pt;\">Mentre contempl\u00e0vem coses, mir\u00e0vem camps i part de l&#8217; escassa maquinaria que tenia la finca, se&#8217;ns va anar fent fosc i deixarem de visitar l&#8217; escola de nens menors de catorze anys i les seves cases d&#8217;acollida i de con\u00e8ixer detalls de com funcionaven. Amb tot, hav\u00edem estat dues o tres hores donant voltes a la part agr\u00edcola i ens acomiadarem del senyor Ramon Sert i del senyor Avel\u00b7l\u00ed Tena, pregant-los que saludessin l&#8217;administrador actual quan en tinguessin l&#8217;ocasi\u00f3.<\/span><\/p>\n<p style=\"text-align: justify;\"><span style=\"font-family: 'times new roman', times, serif; font-size: 14pt;\">De tomada cap a Lleida, el senyor Pan\u00e9 em diu:<\/span><\/p>\n<p style=\"text-align: justify;\"><span style=\"font-family: 'times new roman', times, serif; font-size: 14pt;\"><em>-Suposo <\/em><em>que s&#8217;ha adonat que \u00e9s una finca mal explotada, i que nom\u00e9s amb la millora dels adobs tindr\u00e0 uns augments de producci\u00f3 magn\u00edfics. Amb tot, per a que estigui m\u00e9s orientat, el meu ajudant de l&#8217;Escola Agr\u00edcola de la Diputaci\u00f3, el senyor Solans, vindr\u00e0 de visita cada dos o tres dies i vost\u00e8 pot sincerar-se amb ell <\/em><em>i <\/em><em>consultar-li el que vulgui i, si \u00e9s necessari, tamb\u00e9 vindr\u00e9 jo.<\/em><\/span><\/p>\n<p style=\"text-align: justify;\"><span style=\"font-family: 'times new roman', times, serif; font-size: 14pt;\">Em va prometre que parlaria amb els de la junta de govern i que ell creia que en un m\u00e0xim de vuit o deu dies ja es podia haver fet el canvi de poders.<\/span><\/p>\n<p style=\"text-align: justify;\"><span style=\"font-family: 'times new roman', times, serif; font-size: 14pt;\">Em recomana en gran manera que cultiv\u00e9s l&#8217;amistat amb el notari Ramon Faus, tamb\u00e9 del patronat, i membre de la ciutadania selecta de Barcelona.<\/span><\/p>\n<p style=\"text-align: justify;\"><span style=\"font-family: 'times new roman', times, serif; font-size: 14pt;\"><strong>EL SR. PAN\u00c9, EL MEU SEGON PARE<\/strong><\/span><\/p>\n<p style=\"text-align: justify;\"><span style=\"font-family: 'times new roman', times, serif; font-size: 14pt;\">L&#8217;entrevista personal amb el senyor Pan\u00e9 a la Diputaci\u00f3 fou molt euf\u00f2rica per part d&#8217; ell; confiava en mi i donava per descomptat que me&#8217;n sortiria. Un sou no gaire gros, tant per cent amb els beneficis i supressi\u00f3 de la despesa ordin\u00e0ria de tot l&#8217;import que pogu\u00e9s costar el manteniment de la funci\u00f3 benefica, etc.<\/span><\/p>\n<p style=\"text-align: justify;\"><span style=\"font-family: 'times new roman', times, serif; font-size: 14pt;\">Tamb\u00e9 em comunica que mentre s&#8217;organitzava un habitacle per viure-hi jo, faria vida a casa del sacerdot de la col\u00f2nia, moss\u00e8n Joaquim Juncas, de car\u00e0cter molt dif\u00edcil per\u00f2 amic per subordinaci\u00f3 a la meva persona i pel tracte molt respectu\u00f3s que m&#8217;obligo a tenir sempre amb ell.<\/span><\/p>\n<p style=\"text-align: justify;\"><span style=\"font-family: 'times new roman', times, serif; font-size: 14pt;\"><strong>LA JUNTA<\/strong><\/span><\/p>\n<p style=\"text-align: justify;\"><span style=\"font-family: 'times new roman', times, serif; font-size: 14pt;\">Fixem una data, el 6 de ma\u00e7 de 1956, l&#8217;any de la forta gla\u00e7ada que va deixar els camps de Lleida sense el m\u00e9s petit bri de blat ni de mala herba. Sortim de bona hora al mat\u00ed, amb el Chrysler de la junta de govern que condu\u00efa el xofer de confian\u00e7a, senyor Narc\u00eds, a qui tots anomen\u00e0vem Sis\u00f3.<\/span><\/p>\n<p style=\"text-align: justify;\"><span style=\"font-family: 'times new roman', times, serif; font-size: 14pt;\">Dins el cotxe hi anem el president del Patronat, senyor Martiria Lloses i Serrat-Calv\u00f3, el senyor Ramon Faus i Esteve, el senyor Andreu Alguer\u00f3 de Ugarriza i un servidor<\/span><\/p>\n<p style=\"text-align: justify;\"><span style=\"font-family: 'times new roman', times, serif; font-size: 14pt;\">A mig mat\u00ed, ja som a la finca despr\u00e9s d&#8217;haver vist tots els camps de cereals totalment desolats per la gelada del dia anterior. Si la finca, que ja tenia camp d&#8217;aviaci\u00f3, per\u00f2 que no disposava de cap avi\u00f3, n&#8217;hagu\u00e9s tingut un a punt, l&#8217;hauria agafat per fugir cap algun indret on no em trobessin mai m\u00e9s. A mi i al meu equipatge ens condueixen a casa de moss\u00e8n Juncas, a costat de l&#8217; esgl\u00e9sia; all\u00ed conec la senyora Lola, la majordona de la casa, molt bona cuinera i excel\u00b7lent persona, que m&#8217;ensenya la meva habitaci\u00f3. Despr\u00e9s ens tanquem al despatx interior, on havia acudit el dimitit administrador, senyor Francisco Nolla Castillo, a qui en presencia meva van fer firmar el paper de dimissi\u00f3 i van pagar el retards de percentatges de beneficis.<\/span><\/p>\n<p style=\"text-align: justify;\"><span style=\"font-family: 'times new roman', times, serif; font-size: 14pt;\">Ultimat aquest detall, el senyor Nolla s&#8217;acomiada de tothom dient:<\/span><\/p>\n<p style=\"text-align: justify;\"><span style=\"font-family: 'times new roman', times, serif; font-size: 14pt;\"><em>-D<\/em><em>e <\/em><em>vost\u00e8, senyor Casa\u00f1as, no m&#8217;acomiado<\/em><em>, <\/em><em>perqu\u00e8 suposo que aquests senyors li hauran deixat diners i dema anirem a saludar uns quants subministradors a qui dec unes petites factures; el presentar\u00e9 i aix\u00ed jo no deixar\u00e9 cap deute pendent.<\/em><\/span><\/p>\n<p style=\"text-align: justify;\"><span style=\"font-family: 'times new roman', times, serif; font-size: 14pt;\">D&#8217; aquesta manera va quedar trencada una etapa que havia durat onze anys i comen\u00e7ava la meva, que en duraria vint-i-set.<\/span><\/p>\n<p style=\"text-align: justify;\"><span style=\"font-family: 'times new roman', times, serif; font-size: 14pt;\">Aix\u00ed com amb el senyor Pan\u00e9 v\u00e0rem resseguir la finca que era la part m\u00e9s important del meu contracte, els senyors de junta, sota l&#8217;excusa que cap d &#8216;ells no entenia res en agricultura, van preferir veure com es cuidaven els nens acollits del Tribunal Tutelar de Menors de Barcelona i de Lleida, per informar-se d&#8217;aquest treball social tan important de la col\u00f2nia.<\/span><\/p>\n<p style=\"text-align: justify;\"><span style=\"font-family: 'times new roman', times, serif; font-size: 14pt;\">Tot i que al costat de les oficines hi havia uns edificis nous i no acabats per allotjar-hi aquest nois, vam anar a veure on realment vivien ara, especialment el grup del Bon Pastor a la vall de Camarasa, el grup de l&#8217; \u00c1ngel de la Guarda al costat del camp 47 en el cam\u00ed del Mas Blanc i el grup on residien els xicots que ja havien fet el servei militar o b\u00e9 que eren grans i estaven a punt de fer-lo, situat a la cru\u00eflla entre el canal d&#8217;Arag\u00f3 i Catalunya, s\u00e8quia de Vallmanya, i la carretera que procedent de Raimat i rodalies enlla\u00e7ava el poble de Gimenells amb el de Pla de la Font, Sucs i finia a Almacelles.<\/span><\/p>\n<p style=\"text-align: justify;\"><span style=\"font-family: 'times new roman', times, serif; font-size: 14pt;\">Quina no va ser la meva decepci\u00f3: els edificis eren<\/span><\/p>\n<p style=\"text-align: justify;\"><span style=\"font-family: 'times new roman', times, serif; font-size: 14pt;\">tots de planta baixa, les seves parets eren murs de tapia comprimida que agafaven humitat de la capa fre\u00e0tica i remuntava la base d&#8217;aquests murs, aprimant-los per erosi\u00f3 d&#8217;aquesta aigua; un mobiliari p\u00e8ssim, bombetes de pocs watts i dormitoris col\u00b7lectius nets per voluntat de la senyora de cada casa, per\u00f2 que no reunien cap condici\u00f3 per fer-los brillar sense esfor\u00e7.<\/span><\/p>\n<p style=\"text-align: justify;\"><span style=\"font-family: 'times new roman', times, serif; font-size: 14pt;\">El matrimoni que tenia cura de cada casa de fam\u00edlia els feia el menjar, repartit des d&#8217;un economat central, i aprofitaven les despulles del menjar barrejades amb pinso molturat de la mateixa finca per alimentar unes quantes parelles de reproductors porcins o b\u00e9 de porcs normals d&#8217;engreix que sacrificaven per l&#8217;autoconsum. Cada matrimoni tenia una part de beneficis d&#8217;aquesta crian\u00e7a, creada i estimulada pel senyor Nolla, un procediment per allargar-los un xic el sou. La llet de la vaqueria es destinava principalment als garrinets que la casa criava directament, per anar-los repartint successivament en aquestes petites corralines de cada fam\u00edlia, i no es donava ni un cent\u00edmetre c\u00fabic de llet als nens. Precisament va ser moss\u00e8n Juncas qui em va exposar aquest primer defecte d&#8217; organitzaci\u00f3, i va demanar-me que ho resolgu\u00e9s. Ho vaig fer en vint-i-quatre hores, ordenant que la llet que sobr\u00e9s se serv\u00eds cada dia a l&#8217; esmorzar dels nens i la resta al cami\u00f3 de recollida. Inquiet, a l&#8217;hora de dinar amb els membres del Patronat, pregunto per que no s&#8217;havien acabat aquests grups nous que rodejaven la pla\u00e7a del costat de l&#8217;esgl\u00e9sia, per\u00f2 ning\u00fa n&#8217;estava informat i una vegada m\u00e9s es va dir que jo mir\u00e9s de resoldre-ho. Per\u00f2 ning\u00fa va pressupostar els diners que implicaria invertir, principalment, en els dos mil metres quadrats de superf\u00edcie que s&#8217;havien d &#8216;acabar.<\/span><\/p>\n<p style=\"text-align: justify;\"><span style=\"font-family: 'times new roman', times, serif; font-size: 14pt;\">Vam firmar el meu contracte, em van fer poders per<\/span><\/p>\n<p style=\"text-align: justify;\"><span style=\"font-family: 'times new roman', times, serif; font-size: 14pt;\">obrir un compte al Banc de Bilbao i m&#8217;hi van deixar unes quatre-centes mil pessetes que botaven damunt la taula esperant la visita del senyor Nolla de l&#8217;endem\u00e0. He de dir que el pan\u00eds ja s&#8217;havia collit i la collita estava intacta. Tamb\u00e9 vaig ressaltar en aquesta primera visita la manca d&#8217;un parc de maquinaria agr\u00edcola adequada, ates que nom\u00e9s dispos\u00e0vem d&#8217;un tractor Vierzon, un Massey Fergusson i un altre tractor m\u00e9s petit, tots sense equipament hidr\u00e0ulic. El m\u00e9s acceptable que hi havia era un cami\u00f3 internacional, motor de benzina de set o vuit tones i un jeep Willis que s&#8217;havia adquirit a trav\u00e9s del bisbat de Navarra, que es dedicava a importar-los.<\/span><\/p>\n<p style=\"text-align: justify;\"><span style=\"font-family: 'times new roman', times, serif; font-size: 14pt;\">Tamb\u00e9 ten\u00edem una furgoneta Ford, <em>la r\u00fabia, <\/em>que el senyor Nolla, que tenia un taller de fer carrosseries, havia equipat amb fusta forta.<\/span><\/p>\n<p style=\"text-align: justify;\"><span style=\"font-family: 'times new roman', times, serif; font-size: 14pt;\"><strong>BUIDAR <\/strong><strong>&#8220;LA CAIXA&#8221;<\/strong><\/span><\/p>\n<p style=\"text-align: justify;\"><span style=\"font-family: 'times new roman', times, serif; font-size: 14pt;\">Quan, a l&#8217;endem\u00e0, em ve a buscar el senyor Nolla a l&#8217;hora convinguda i fem la ronda de creditors que ell em va anar indicant, vam trobar bones paraules a tot arreu, algun somriure ir\u00f2nic i, d&#8217;aquelles pessetes que a la nit dringaven amb impaci\u00e8ncia damunt la taula, no en va tomar cap a la col\u00f2nia. De manera que amb moltes boques per alimentar, molts sous per pagar i molta despesa per atendre, el nou administrador comen\u00e7ava de zero.<\/span><\/p>\n<p style=\"text-align: justify;\"><span style=\"font-family: 'times new roman', times, serif; font-size: 14pt;\">Em vaig atrevir a preguntar al senyor Nolla per que molts subministradors havien somrigut d&#8217;una manera especial, i l&#8217;explicaci\u00f3 que em va donar ja me la temia:<\/span><\/p>\n<ul style=\"text-align: justify;\">\n<li><span style=\"font-family: 'times new roman', times, serif; font-size: 14pt;\"><em>L&#8217;han <\/em><em>vist massa jove<\/em><em>.<\/em><\/span><\/li>\n<\/ul>\n<p style=\"text-align: justify;\"><span style=\"font-family: 'times new roman', times, serif; font-size: 14pt;\">Com que per a mi no era cap inconvenient, li suggereixo que els pr\u00f2xims dies m&#8217;agradaria disposar del seu consell i de la seva experi\u00e8ncia, per\u00f2 ell em diu que preferia que no ens veiessin junts perqu\u00e8 la gent podria interpretar que jo estava triat per ell per ocupar el c\u00e0rrec. Aquell migdia la Junta de govern ja va marxar de la col\u00f2nia, i es van acomiadar de mi tot desitjant-me molta sort, que els vaig acceptar perqu\u00e8 era evident que la necessitaria. En entrar a l&#8217;oficina, el senyor Tena fou compassiu en dir-me que deixava per dema les moltes coses que m&#8217;havia de dir, ja que comprenia que per for\u00e7a havia d&#8217;estar cansat.<\/span><\/p>\n<p style=\"text-align: justify;\"><span style=\"font-family: 'times new roman', times, serif; font-size: 14pt;\">El mat\u00ed seg\u00fcent, quan vaig entrar al despatx el senyor Tena em feu passar al despatx interior, que a partir d&#8217;ara seria el meu i em digu\u00e9 que el m\u00e9s important que tenia per plantejar-me era com resoldria la situaci\u00f3 econ\u00f2mica, ates que havia comprovat que est\u00e0vem a zero de liquiditat. M&#8217;ho deia absolutament preocupat pel problema que se&#8217;ns venia a sobre.<\/span><\/p>\n<p style=\"text-align: justify;\"><span style=\"font-family: 'times new roman', times, serif; font-size: 14pt;\">Vaig pensar que havia de saludar, com a primer dia de treball, el cap de conreus, que tenia una petita oficina en el primer pis del magatzem on guard\u00e0vem el gra molt. No hi era, per\u00f2 damunt de la taula hi havia un tel\u00e8fon i l&#8217;agafo per trucar al senyor L\u00f3pez de Vilanova i la Geltr\u00fa, de l&#8217; empresa que compartien en propietat el senyor Coromines i el senyor Roca. Amb el L\u00f3pez hi havia una bona amistat i li explico obertament la meva situaci\u00f3 de liquiditat, i que li volia demanar un favor, que era si en vint-i-quatre o quaranta-vuit hores pot retirar-me els meus estocs de pan\u00eds i pagar-me&#8217;ls amb la millor celeritat possible. Va comen\u00e7ar a posar-me pegues pel transport, pel preu, pel pagament, etc.<\/span><\/p>\n<p style=\"text-align: justify;\"><span style=\"font-family: 'times new roman', times, serif; font-size: 14pt;\">El senyor Solans, ajudant t\u00e8cnic del senyor Pan\u00e9, em va fer la gesti\u00f3 de comprovar que el preu ofert era bo, encara vaig poder estirar deu o quinze c\u00e8ntims per quilo.<\/span><\/p>\n<p style=\"text-align: justify;\"><span style=\"font-family: 'times new roman', times, serif; font-size: 14pt;\">L\u2019adjunt al Sr. Solans em proposa donar una volta en jeep per la finca, mentre m&#8217;exposava nous problemes, cap de petit. No tenia nitrat de cal\u00e7; de cobertura per tirar al blat, i en el mercat hi havia tanta escassesa que no creia que el pogu\u00e9ssim aconseguir amb la rapidesa que l&#8217;hav\u00edem d&#8217;aplicar. Vol insistir a explicar-me m\u00e9s problemes, i li prego que em deixi pair el m\u00e9s gros, que era l&#8217;adob, que els altres ja els anirem solucionant a mesura que es presentessin.<\/span><\/p>\n<p style=\"text-align: justify;\"><span style=\"font-family: 'times new roman', times, serif; font-size: 14pt;\">Aviat fou l&#8217;hora d&#8217;anar a dinar i, un cop a casa, tamb\u00e9 el moss\u00e8n em diu que tenia moltes coses per explicar-me.<\/span><\/p>\n<p style=\"text-align: justify;\"><span style=\"font-family: 'times new roman', times, serif; font-size: 14pt;\">A l&#8217;hora del caf\u00e8, apareix altra vegada el senyor Tena per dir-me que a l&#8217;oficina m&#8217;espera el senyor Dom\u00e8nech de la casa Gallard. \u00c9s un home d&#8217;expressi\u00f3 simp\u00e0tica que m&#8217; allarga la ma amb un ampli somriure.<\/span><\/p>\n<p style=\"text-align: justify;\"><span style=\"font-family: 'times new roman', times, serif; font-size: 14pt;\"><strong>ANTICS <\/strong><strong>CONSELLS<\/strong><\/span><\/p>\n<p style=\"text-align: justify;\"><span style=\"font-family: 'times new roman', times, serif; font-size: 14pt;\">Encara em recordava del consell que em van donar a 1&#8217;Escola de Capatassos de Caldes de Montbui.<\/span><\/p>\n<p style=\"text-align: justify;\"><span style=\"font-family: 'times new roman', times, serif; font-size: 14pt;\">Pregunto com es fan les operacions de cr\u00e8dit per a comprar-li l&#8217;adob, i els detalls que no recordava me&#8217;ls fa explicar per un cap de negociat tamb\u00e9 altament servicial. Recullo els impresos, i en tomar a la col\u00f2nia demano al senyor Tena que me&#8217;ls ompli a maquina i que els present\u00ed a dos subministradors amb suficient garantia econ\u00f2mica per tal que avalin aquest cr\u00e8dit oficial.<\/span><\/p>\n<p style=\"text-align: justify;\"><span style=\"font-family: 'times new roman', times, serif; font-size: 14pt;\">Per tant, cap obstacle enlloc i al capvespre vaig informar al senyor Dom\u00e8nech que ja tenia el tr\u00e0mit enllestit, que me&#8217;l podia venir a recollir, i que quin dia hav\u00edem d&#8217;estar atents a l&#8217;arribada de la mercaderia.<\/span><\/p>\n<p style=\"text-align: justify;\"><span style=\"font-family: 'times new roman', times, serif; font-size: 14pt;\"><strong>ELS GUARDES <\/strong><strong>JURATS<\/strong><\/span><\/p>\n<p style=\"text-align: justify;\"><span style=\"font-family: 'times new roman', times, serif; font-size: 14pt;\">Mai no s&#8217;havien fet a la col\u00f2nia dues operacions tan accelerades i en moments tan oportuns. Aix\u00f2 em dona satisfacci\u00f3 i vaig preguntar al senyor Ramon Sert qui controlava els volums d&#8217;adobs a l&#8217;arribada i a l&#8217;expedici\u00f3 i si ho feien els colons. Em contesta que ho feien els guarda jurats i que en ten\u00edem dos, el Sr. Roca i el Sr. Polit.<\/span><\/p>\n<p style=\"text-align: justify;\"><span style=\"font-family: 'times new roman', times, serif; font-size: 14pt;\">En passar per davant del taller, li demano al senyor Simon d&#8217;acompanyar-me al poble. Un cop dins el vehicle, em pregunta:<\/span><\/p>\n<p style=\"text-align: justify;\"><span style=\"font-family: 'times new roman', times, serif; font-size: 14pt;\"><em>&#8211; On\u00a0 anem?<\/em><\/span><\/p>\n<p style=\"text-align: justify;\"><span style=\"font-family: 'times new roman', times, serif; font-size: 14pt;\"><em>&#8211; A\u00a0 veure el caporal de la Guardia Civil, per si sap on s\u00f3n els nostres gu\u00e0rdies jurats.<\/em><\/span><\/p>\n<p style=\"text-align: justify;\"><span style=\"font-family: 'times new roman', times, serif; font-size: 14pt;\">D&#8217;aquesta sort, arribem al quarter, baixo i demano pel caporal, i 1&#8217;oficial de gu\u00e0rdia em diu:<\/span><\/p>\n<p style=\"text-align: justify;\"><span style=\"font-family: 'times new roman', times, serif; font-size: 14pt;\"><em>&#8211; \u00a1No est\u00e1! Me parece que est\u00e1 con los guardias de usted, que tienen costumbre de hacer una peque\u00f1a fiesta no recuerdo por qu\u00e9 conmemoraci\u00f3n, pero por la noche estar\u00e1 aqu\u00ed.<\/em><\/span><\/p>\n<p style=\"text-align: justify;\"><span style=\"font-family: 'times new roman', times, serif; font-size: 14pt;\"><em>&#8211; Bien, muchas gracias, volver\u00e9 por la noche o ma\u00f1ana por la ma\u00f1ana<\/em><em>.<\/em><\/span><\/p>\n<p style=\"text-align: justify;\"><span style=\"font-family: 'times new roman', times, serif; font-size: 14pt;\">Al cap de pocs minuts entra el guarda Roca, qui em diu:<\/span><\/p>\n<p style=\"text-align: justify;\"><span style=\"font-family: 'times new roman', times, serif; font-size: 14pt;\"><em>&#8211; M&#8217;ha <\/em><em>dit el senyor Ramon que vost\u00e8 vol parlar amb els guardes?<\/em><\/span><\/p>\n<p style=\"text-align: justify;\"><span style=\"font-family: 'times new roman', times, serif; font-size: 14pt;\"><em>&#8211; <\/em><em>Miri, senyor Roca, he fet una compra important de <\/em><em>sulfat am\u00f2nic i vull que vost\u00e8 i el Sr. Polit vetllin l&#8217;arribada dels vagons, que segurament seran tres, i quan hagin arribat, un de vostes es quedi a vigilar-los i l&#8217;altre que vingui cap aqu\u00ed a notificar-me la novetat, perqu\u00e8 mirarem de descarregar-lo r\u00e0pid i els anirem repartint en els llocs que jo cregui que els han d&#8217;usar immediatament. Ho ha ent\u00e8s?<\/em><\/span><\/p>\n<p style=\"text-align: justify;\"><span style=\"font-family: 'times new roman', times, serif; font-size: 14pt;\"><em>&#8211; Ara, <\/em><em>faci&#8217;m el favor: on eren, aquesta tarda?<\/em><\/span><\/p>\n<p style=\"text-align: justify;\"><span style=\"font-family: 'times new roman', times, serif; font-size: 14pt;\">I em va confessar la practica esportiva que duien a terme un cop l&#8217;any, ca\u00e7ant a la Clamor Amarga, fora de finca, peixos amb dinamita. I com que comprenia que m&#8217;havia d&#8217;haver demanat perm\u00eds pr\u00e8viament, que ho sentia molt i que em deixava al despatx la seva arma reglamentaria per tal que jo dispos\u00e9s. Li agraeixo el gest i li indico que s&#8217;endugui el fusell, que si jo en volia tomar a parlar ja ho faria.<\/span><\/p>\n<p style=\"text-align: justify;\"><span style=\"font-family: 'times new roman', times, serif; font-size: 14pt;\"><strong>M&#8217;ESTRENO POLINT <\/strong><strong>UNA <\/strong><strong>N\u00d2MINA<\/strong><\/span><\/p>\n<p style=\"text-align: justify;\"><span style=\"font-family: 'times new roman', times, serif; font-size: 14pt;\">Potser no va passar ni una hora que aparegu\u00e9s el guarda Sr. Polit. Sense donar-me ocasi\u00f3 de fer \u00fas de la paraula, es treu el fusell que duia en bandolera, se&#8217;l passa pel cap i me&#8217;l deixa damunt de la taula.<\/span><\/p>\n<p style=\"text-align: justify;\"><span style=\"font-family: 'times new roman', times, serif; font-size: 14pt;\">Tot plegat era un problema petit, per\u00f2, tan tens que estava jo, no deixava de ser un problema emprenyador. Tomo a agafar el jeep, tomo a agafar el Simon de xofer, i torno cap al quarter a demanar pel caporal, que ja havia tornat. Em dono a con\u00e8ixer i li dic el que m&#8217;havia passat amb el gu\u00e0rdia Sr. Polit, que sense obrir jo la boca m&#8217;havia fet aquella escena tan grotesca. El caporal em diu:<\/span><\/p>\n<ul style=\"text-align: justify;\">\n<li><span style=\"font-family: 'times new roman', times, serif; font-size: 14pt;\"><em>Se\u00f1or Casa\u00f1as, all\u00ed arriba tiene usted a mucha gente, y tendr\u00e1 que usar mucha mano izquierda para conocerlos a todos y actuar como un buen jefe<\/em><em>.<\/em><\/span><\/li>\n<\/ul>\n<p style=\"text-align: justify;\"><span style=\"font-family: 'times new roman', times, serif; font-size: 14pt;\">Li dono les gracies.<\/span><\/p>\n<p style=\"text-align: justify;\"><span style=\"font-family: 'times new roman', times, serif; font-size: 14pt;\">Amb totes les creus del dia arrossegades per les meves espatlles, em vaig a refugiar a casa moss\u00e8n Juncas perqu\u00e8, igual que ahir, tinc gana, son, i el desig que ning\u00fa m&#8217;amo\u00efni.<\/span><\/p>\n<p style=\"text-align: justify;\"><span style=\"font-family: 'times new roman', times, serif; font-size: 14pt;\">Van succeir uns dies d&#8217;habituaci\u00f3 al treball.<\/span><\/p>\n<p style=\"text-align: justify;\"><span style=\"font-family: 'times new roman', times, serif; font-size: 14pt;\">Demano al senyor Tena pl\u00e0nols de la finca a escales 1\/5.000 i no n&#8217;hi havia, tan sols tenien pl\u00e0nols parcials dif\u00edcils d&#8217;interpretar per separat. Decideixo dirigir-me al cap local de l&#8217;Institut Nacional de colonitzaci\u00f3, senyor Zubeldia. Li explico les meves trifulgues plani gr\u00e0fiques i m&#8217;explica que me&#8217;ls solucionar\u00e0 amb molt de gust des de la seva oficina central de Lleida.<\/span><\/p>\n<p style=\"text-align: justify;\"><span style=\"font-family: 'times new roman', times, serif; font-size: 14pt;\">A partir d&#8217;aquest pl\u00e0nol original, facilitat en paper<\/span><\/p>\n<p style=\"text-align: justify;\"><span style=\"font-family: 'times new roman', times, serif; font-size: 14pt;\">vegetal, vaig obtenir m\u00e9s copies.<\/span><\/p>\n<p style=\"text-align: justify;\"><span style=\"font-family: 'times new roman', times, serif; font-size: 14pt;\"><strong>A<\/strong><strong>CABAR EDIFICIS<\/strong> <strong>PER A LA FUNCI\u00d3 BENEFICA<\/strong><\/span><\/p>\n<p style=\"text-align: justify;\"><span style=\"font-family: 'times new roman', times, serif; font-size: 14pt;\">Visito alguna casa de fam\u00edlia i assumeixo la necessitat de solucionar el problema dels habitatges per als nois tutelats. Crido al despatx el senyor Cort\u00e9s, un magn\u00edfic paleta, i tamb\u00e9 als senyors Velasco &#8220;fuster&#8221; i al senyor Malaret &#8220;ferrer&#8221;, i a tots els demano si es veuen amb cor d&#8217;acabar aquells magn\u00edfics edificis que estaven esperant alg\u00fa que en tingu\u00e9s cura.<\/span><\/p>\n<p style=\"text-align: justify;\"><span style=\"font-family: 'times new roman', times, serif; font-size: 14pt;\">Al dia seg\u00fcent, ens tomem a reunir i comen\u00e7o pel fuster. L&#8217;informo com penso que han de ser les taules del menjador: potes de ferro negre mat, tacs de goma als extrems, un sobre de f\u00f2rmica de color vist\u00f3s i que cadascuna tingui capacitat per a quatre comensals. Al ferrer li dic que ha de calcular el tub &#8220;carnero&#8221;, tamb\u00e9 negre, i que agafi d&#8217;assaig el xass\u00eds d&#8217;una cadira.<\/span><\/p>\n<ul style=\"text-align: justify;\">\n<li><span style=\"font-family: 'times new roman', times, serif; font-size: 14pt;\"><em>I per seure, que hi posarem?<\/em><\/span><\/li>\n<\/ul>\n<p style=\"text-align: justify;\"><span style=\"font-family: 'times new roman', times, serif; font-size: 14pt;\">Jo proposo: tauler de fullola de cinc o sis mil\u00b7l\u00edmetres, al que donarem forma mitjan\u00e7ant motlles de ferro i conjunt de cargols adequats.<\/span><\/p>\n<p style=\"text-align: justify;\"><span style=\"font-family: 'times new roman', times, serif; font-size: 14pt;\">I ara, si voleu marxar ho podeu fer, per\u00f2 que es quedi el senyor Cort\u00e9s, que li explicar\u00e9 on ha de posar les dutxes, els lavabos i els w\u00e0ters.<\/span><\/p>\n<p style=\"text-align: justify;\"><span style=\"font-family: 'times new roman', times, serif; font-size: 14pt;\">Les l\u00e0mpades del menjador, les vam construir amb un marc de fusta gruixuda pintat de vermell i un mirall per la part de sota, i el lampista, senyor Josep Sert, hi va posar la instal\u00b7laci\u00f3 el\u00e8ctrica, a base d&#8217;un fluorescent al bell mig de cada mirall.<\/span><\/p>\n<p style=\"text-align: justify;\"><span style=\"font-family: 'times new roman', times, serif; font-size: 14pt;\">Jo volia mantenir el sistema de cuinar el menjar tal com s&#8217;havia fet fins aleshores. Per\u00f2 el Patronat a Barcelona va decidir el contrari, i m&#8217;oblig\u00e0 a emparaular una cuina Mas Bag, gran com una maquina de tren, que cremava carb\u00f3 de pedra i tamb\u00e9 llenya. Aix\u00f2 obliga a ubicar-la en un lloc ad hoc i les cases de fam\u00edlia anaven cada hora de menjar a cercar les safates cuinades que s&#8217;enduien cadasc\u00fa al menjador de la seva pr\u00f2pia casa. L&#8217;inspector Sr. Dom\u00e8nech va renunciar a la seva comissi\u00f3 de compra per tal que sort\u00eds m\u00e9s econ\u00f2mica, i aix\u00ed vam iniciar tres cops al dia la process\u00f3 de les cassoles, una process\u00f3 que no va agradar ni als caps de fam\u00edlia, ni als nois, ni a mi. La gran sort va ser que contract\u00e9s la senyora Carme com a cuinera, qui durant molts anys ho va fer molt b\u00e9.<\/span><\/p>\n<p style=\"text-align: justify;\"><span style=\"font-family: 'times new roman', times, serif; font-size: 14pt;\"><strong>CONTACTES <\/strong><strong>AMB ELS <\/strong><strong>TREBALLADORS<\/strong><\/span><\/p>\n<p style=\"text-align: justify;\"><span style=\"font-family: 'times new roman', times, serif; font-size: 14pt;\">A continuaci\u00f3, aquell mat\u00ed em va semblar prudent que em veiessin els empleats, perqu\u00e8 per for\u00e7a els hi havia d&#8217;haver arribat el meu intent de dimissi\u00f3 esbombat pel propi moss\u00e8n Juncas, que era l&#8217;\u00fanic a qui havia confessat la intenci\u00f3. Era l&#8217;hora que el senyor Ramon Sert distribu\u00efa la feina a peu de carretera, i tot desitjant-los un bon dia els manifesto la meva voluntat de con\u00e8ixer millor la finca, saber que feia cadasc\u00fa. Tenia plena confian\u00e7a que el senyor Sert i ells mateixos, col\u00b7lectivament, serien uns bons mestres per anar-me posant al corrent. El senyor Sert declar\u00e0 en presencia de tots que les coses continuessin amb els costums establerts, i que si jo tenia alguna cosa a dir, ja li ho faria saber per tal que ho resolgu\u00e9s de la forma m\u00e9s escaient.<\/span><\/p>\n<p style=\"text-align: justify;\"><span style=\"font-family: 'times new roman', times, serif; font-size: 14pt;\">A la tarda, va venir de visita el senyor Pan\u00e9, acompanyat pel senyor Solans; vam donar una volta a tota la finca, per\u00f2 els sembrats no havien tingut temps de reaccionar de cap manera, i el senyor Pan\u00e9 insist\u00ed en que an\u00e9s passant el roll. Nom\u00e9s en ten\u00edem un de gros, arrossegat pel Massey Ferguson, i el senyor Pan\u00e9 ho soluciona tot dient-me:<\/span><\/p>\n<ul style=\"text-align: justify;\">\n<li><span style=\"font-family: 'times new roman', times, serif; font-size: 14pt;\"><em>Llogui tractors amb rolls<\/em><em>.<\/em><\/span><\/li>\n<\/ul>\n<p style=\"text-align: justify;\"><span style=\"font-family: 'times new roman', times, serif; font-size: 14pt;\">Aquesta ordre inici\u00e0 un nou m\u00e8tode de treball, el de llogar tractors, que en una finca gran \u00e9s m\u00e9s f\u00e0cil de dir que de fer.<\/span><\/p>\n<p style=\"text-align: justify;\"><span style=\"font-family: 'times new roman', times, serif; font-size: 14pt;\">Quan el personal va marxar cap al seu lloc, confesso al senyor Ramon que no m&#8217;agradava que aquesta feina de distribuci\u00f3 es fes pr\u00e0cticament al mig del carrer, perqu\u00e8 aix\u00f2 l&#8217;obligava a fer un gran esfor\u00e7 de mem\u00f2ria i si a m\u00e9s a partir d&#8217;ara llog\u00e0vem tractors, all\u00f2 semblaria una fira de treball.<\/span><\/p>\n<p style=\"text-align: justify;\"><span style=\"font-family: 'times new roman', times, serif; font-size: 14pt;\">Li suggereixo d&#8217; anar al primer pis del magatzem que ten\u00edem a prop, al qual s&#8217;accedia per unes escales sense barana, perilloses de nit i encara m\u00e9s si no et fixaves b\u00e9 on posaves els peus. Un passad\u00eds dividia l&#8217;entrada superior i a esquerra i dreta hi havia, i encara hi ha, dues habitacions plenes de cordills, cobes, trastos, sacs vells, capses de cartr\u00f3, pots d&#8217;herbicida. Li suggereixo amablement que tot all\u00f2 s&#8217;ha de netejar, i cremar tot all\u00f2 in\u00fatil o inservible. Que a l&#8217;habitaci\u00f3 de la dreta hi posaria un despatx per a ell i les seves coses, i a la de l&#8217;esquerra, la sala de mapes del que era un embri\u00f3 de tots els que m&#8217;havia facilitat l&#8217;Institut Nacional de Colonitzaci\u00f3. Requereixo la presencia del fuster, senyor Velasco, del cap del taller, senyor Simon, i del fill del senyor Ramon, Josep Sert, que s&#8217; ocupava del manteniment el\u00e8ctric i d&#8217;executar les instal\u00b7lacions noves.<\/span><\/p>\n<p style=\"text-align: justify;\"><span style=\"font-family: 'times new roman', times, serif; font-size: 14pt;\"><strong>QUADRE DE <\/strong><strong>COMANDAMENT<\/strong><\/span><\/p>\n<p style=\"text-align: justify;\"><span style=\"font-family: 'times new roman', times, serif; font-size: 14pt;\">Al fuster li vaig demanar que fes un marc gruixut, amb una llum d&#8217;obertura de 2 x1. Al del taller que pos\u00e9s de fons en aquest marc una xapa de ferro galvanitzat de dos o tres mil\u00b7l\u00edmetres, de la mateixa mida que el marc. I a l&#8217;electricista, dos llums superiors en el lloc que vaig assignar al quadre.<\/span><\/p>\n<p style=\"text-align: justify;\"><span style=\"font-family: 'times new roman', times, serif; font-size: 14pt;\">Com que no dispos\u00e0vem de vehicle, el senyor Ramon i un servidor vam anar a passejar pels horts dels treballadors i per l&#8217;horta general de l&#8217;obra, destinada a subministrar els menjadors dels nens i personal tutelat.<\/span><\/p>\n<ul style=\"text-align: justify;\">\n<li><span style=\"font-family: 'times new roman', times, serif; font-size: 14pt;\"><em>Aquesta tarda, senyor Ramon, m&#8217; agradaria rec\u00f3rrer amb vost\u00e8 totes les parcel<\/em><em>les de la finca i estudiar quin n\u00famero hi hem de posar perqu\u00e8 d&#8217;ara endavant ens hi entenguem tots dos<\/em><em>.<\/em><\/span><\/li>\n<\/ul>\n<p style=\"text-align: justify;\"><span style=\"font-family: 'times new roman', times, serif; font-size: 14pt;\">Amb el jeep, un bloc, llapis i la paci\u00e8ncia del senyor Ramon, tornem a rec\u00f3rrer la finca i numerem a voluntat cadascun dels camps.<\/span><\/p>\n<p style=\"text-align: justify;\"><span style=\"font-family: 'times new roman', times, serif; font-size: 14pt;\">Quan vaig tenir la primera llista de camps numerats, decideixo de tancar-me al meu despatx per fer-me la divisi\u00f3 del quadre de 2&#215;1 i m&#8217;adono que em falta paper mil\u00b7limetrat de la mateixa mida.<\/span><\/p>\n<p style=\"text-align: justify;\"><span style=\"font-family: 'times new roman', times, serif; font-size: 14pt;\">Per comen\u00e7ar a complir l&#8217;ordre i consell del senyor Pan\u00e9, demano al senyor Sert que an\u00e9s all\u00e0 on li sembl\u00e9s oport\u00fa per llogar dos o tres tractors amb roll i que ell convingu\u00e9s els preus per hora de lloguer. Al cap de poca estona toma i em comunica que l&#8217;endem\u00e0 tindr\u00edem els tres tractors sol\u00b7licitats.<\/span><\/p>\n<p style=\"text-align: justify;\"><span style=\"font-family: 'times new roman', times, serif; font-size: 14pt;\">Pensava que ja feia molts dies que moss\u00e8n Juncas retenia les seves ganes d&#8217;explicar-me coses.<\/span><\/p>\n<p style=\"text-align: justify;\"><span style=\"font-family: 'times new roman', times, serif; font-size: 14pt;\">M&#8217;explica tots els problemes que tenia amb la canalla, i el dif\u00edcil que era fiscalitzar els seus moviments i combatre la seva agressivitat, pr\u00f2pia de la recent encetada pubertat; el mal que es feien els uns als altres en no poder-los vigilar les nits i castigar-los quan deixaven el seu llit i se n&#8217;anaven al d&#8217;un altre. Em diu que fins i tot li havien arrencat els ceballots de l&#8217;hort i els havien tomat a plantar cap per avall per dissimular l&#8217;\u00e0pat d&#8217;alls tendres que s&#8217;havien fet.<\/span><\/p>\n<p style=\"text-align: justify;\"><span style=\"font-family: 'times new roman', times, serif; font-size: 14pt;\">Jo me l&#8217;escoltava posant cara de sant An\u00edcet, i el deixava dir. Quan em va tocar el tom de parlar, el felicito per les seves bones intencions i el consolo dient-li que el senyor Lloses m&#8217;havia donat l&#8217;ordre taxativa de ser molt sever amb q\u00fcestions morals, i que no em tremol\u00e9s el pols quan s&#8217;havia d&#8217;infligir c\u00e0stigs.<\/span><\/p>\n<p style=\"text-align: justify;\"><span style=\"font-family: 'times new roman', times, serif; font-size: 14pt;\"><strong>\u00a0<\/strong><\/span><span style=\"font-family: 'times new roman', times, serif; font-size: 14pt;\"><strong>ANYS I <\/strong><strong>M\u00c9S <\/strong><strong>ANYS&#8230;<\/strong><\/span><\/p>\n<p style=\"text-align: justify;\"><span style=\"font-family: 'times new roman', times, serif; font-size: 14pt;\">I aix\u00ed vam anar passant els primers dies del meu per\u00edode de vint-i-set anys a la direcci\u00f3 de la Col\u00f2nia.<\/span><\/p>\n<p style=\"text-align: justify;\"><span style=\"font-family: 'times new roman', times, serif; font-size: 14pt;\">Tot i que em despertava molt d&#8217;hora, generalment a les sis del mat\u00ed, el senyor Sert ja era al peu de l&#8217;escala.<\/span><\/p>\n<p style=\"text-align: justify;\"><span style=\"font-family: 'times new roman', times, serif; font-size: 14pt;\">El semblant del senyor Sert no era tan seri\u00f3s com la cara que va posar el dia anterior, i jo m&#8217;adonava que m&#8217;estava mesurant, i que comen\u00e7ava a estar conven\u00e7ut que la canya havia de ser llarga.<\/span><\/p>\n<p style=\"text-align: justify;\"><span style=\"font-family: 'times new roman', times, serif; font-size: 14pt;\">Tot el mat\u00ed vaig estar pels tallers: fusteria, mec\u00e0nic pels motors dels tractors, ferrer per tenir cura de les eines de treballar la terra; al Sr. Josep Sert, que no tenia un lloc espec\u00edfic, li vaig dir: Aix\u00f2 ho hem d&#8217;arreglar, has de tenir un lloc per emmagatzemar tot el teu material. Ves rumiant on ho podem fer.<\/span><\/p>\n<p style=\"text-align: justify;\"><span style=\"font-family: 'times new roman', times, serif; font-size: 14pt;\"><strong>ELS <\/strong><strong>REGADORS<\/strong><\/span><\/p>\n<p style=\"text-align: justify;\"><span style=\"font-family: 'times new roman', times, serif; font-size: 14pt;\">Una de m\u00e9s grossa fou el dia que vaig anar a visitar els encarregats de regar en el torn de nit i vaig comprovar que no eren al seu lloc. L&#8217;aigua era girada i anava regant el camps per\u00f2 el regador no es veia per enlloc. Diverses vegades, despr\u00e9s d&#8217;haver-ne comprovat l&#8217;abs\u00e8ncia, els cridava al despatx, m&#8217;explicaven una s\u00e8rie de justificacions que jo no entenia i si la discussi\u00f3 pujava de to, per mantenir la meva autoritat, tot i tenir present les seves circumstancies familiars, en vaig haver d&#8217;acomiadar algun.<\/span><\/p>\n<p style=\"text-align: justify;\"><span style=\"font-family: 'times new roman', times, serif; font-size: 14pt;\"><strong>CONSTRUCCI\u00d3 DE PANTANS<\/strong><\/span><\/p>\n<p style=\"text-align: justify;\"><span style=\"font-family: 'times new roman', times, serif; font-size: 14pt;\">El fet de considerar que seria una obra de certa envergadura, encara que la f\u00e9ssim amb tractors nostres, vaig decidir anar-ho a consultar al senyor president a Barcelona.<\/span><\/p>\n<p style=\"text-align: justify;\"><span style=\"font-family: 'times new roman', times, serif; font-size: 14pt;\"><strong>MENTIDA PIADOSA<\/strong><\/span><\/p>\n<p style=\"text-align: justify;\"><span style=\"font-family: 'times new roman', times, serif; font-size: 14pt;\">Adquireixo dos o tres tragelles i demano al meu amic i bon t\u00e8cnic de l&#8217;institut senyor Llu\u00eds Illa Claperols que em vingui a marcar el primer pant\u00e0. Em diu que prepari estaques ben escairades de 5&#215;5 i 1,20 m de llarg. Personalment, crec que \u00e9s una malversaci\u00f3 de bona fusta i decideixo pel meu compte d&#8217;escollir branques de xop el m\u00e9s rectes possibles i el fuster s&#8217;encarrega de fer-hi punxa.<\/span><\/p>\n<p style=\"text-align: justify;\"><span style=\"font-family: 'times new roman', times, serif; font-size: 14pt;\">Tots dos marquem un pant\u00e0 de 4 hect\u00e0rees de lamina d&#8217;aigua situat a l&#8217;entrada principal de l&#8217;aigua de reg, i a l&#8217;altura de la presa VA24 del canal de Vallmanya.<\/span><\/p>\n<p style=\"text-align: justify;\"><span style=\"font-family: 'times new roman', times, serif; font-size: 14pt;\"><strong>PROBLEMES <\/strong><strong>&#8230;<\/strong><\/span><\/p>\n<p style=\"text-align: justify;\"><span style=\"font-family: 'times new roman', times, serif; font-size: 14pt;\">M&#8217;informo que el director del canal de Vallmanya era l&#8217;enginyer Don Fernando Hu\u00e9, resident a les oficines de la Confederaci\u00f3 Hidrogr\u00e0fica de l&#8217;Ebre a Saragossa. Demano per tel\u00e8fon ser rebut per ell i em donen dia i hora.<\/span><\/p>\n<p style=\"text-align: justify;\"><span style=\"font-family: 'times new roman', times, serif; font-size: 14pt;\">A l&#8217;hora prefixada em presento al seu despatx, demano per ell i em rep de seguida. Li pregunto si \u00e9s possible posar un canonada de 50 cm de di\u00e0metre que agaf\u00e9s l&#8217; aigua del proper salt d&#8217; aig\u00fces amunt des de la nostra finca per poder elevar la cota de l&#8217; entrada nostra 624. Em contesta que hauria de ser a condici\u00f3 que la canonada transcorregu\u00e9s m\u00e9s enll\u00e0 de la zona de policia del canal, i que tamb\u00e9 ho havia de comunicar als propietaris afectats. En aquest cas, Daniel Pag\u00e8s Ravent\u00f3s, propietari que confrontava amb el l\u00edmit nord de la nostra finca, em va dir que per part seva ho podia fer, per\u00f2 que la canonada la fes passar no per la seva finca sin\u00f3 per la zona de policia del canal.<\/span><\/p>\n<p style=\"text-align: justify;\"><span style=\"font-family: 'times new roman', times, serif; font-size: 14pt;\">Com a pobre pecador que ara es confessa, he de dir que personalment vaig trobar m\u00e9s just fer passar 25 cm de canonada per la zona de policia del canal, i els altres 25 cm de l&#8217;amplada total fer-los passar per la finca de Daniel Pag\u00e8s. Va ser una soluci\u00f3 salom\u00f2nica, malgrat que no esta reflectida en cap testament.<\/span><\/p>\n<p style=\"text-align: justify;\"><span style=\"font-family: 'times new roman', times, serif; font-size: 14pt;\"><strong>INAUGURACI\u00d3 DEL PRIMER PANT\u00c0<\/strong><\/span><\/p>\n<p style=\"text-align: justify;\"><span style=\"font-family: 'times new roman', times, serif; font-size: 14pt;\">A la festa major seg\u00fcent de la col\u00f2nia, com a n\u00famero fort per omplir un mat\u00ed, ens vam despla\u00e7ar per inaugurar el pant\u00e0; fou una gran sort que no pug\u00e9s el senyor president. Va ser el vicepresident senyor Alguer\u00f3 qui el va inaugurar, que no sabia de que anava el problema.<\/span><\/p>\n<p style=\"text-align: justify;\"><span style=\"font-family: 'times new roman', times, serif; font-size: 14pt;\">Amb el temps, la lamina d&#8217; aigua fins a dalt del sobreeixidor feia un goig imponent, sobretot des de l&#8217;entrada on s&#8217;havia fet l&#8217;acte inaugural. Una estaca de xop del peu interior de la presa, quan li va arribar l&#8217;aigua va anar reverdint, i passats uns mesos va treure brancatge i fulles&#8230; tal com l&#8217;amic Illa havia previst.<\/span><\/p>\n<p style=\"text-align: justify;\"><span style=\"font-family: 'times new roman', times, serif; font-size: 14pt;\"><strong>PETITS <\/strong><strong>GOIGS<\/strong><\/span><\/p>\n<p style=\"text-align: justify;\"><span style=\"font-family: 'times new roman', times, serif; font-size: 14pt;\">El primer any va ser bastant modest de realitzacions. L&#8217;acabament dels grups o cases de fam\u00edlia absorbia tallers i paletes i ultimarem els detalls de la millor manera possible.<\/span><\/p>\n<p style=\"text-align: justify;\"><span style=\"font-family: 'times new roman', times, serif; font-size: 14pt;\">La cuina central la vam habilitar com a depend\u00e8ncia del caf\u00e8-bar al costat del cine; va quedar for\u00e7a espaiosa i molt digna. Cassoles grosses, paelles grosses, olles enormes van anar donant sentit a tota l&#8217; obra, i a petici\u00f3 de la cuinera tamb\u00e9 li vam construir una petita cambra frigor\u00edfica per guardar la cam i els productes m\u00e9s delicats. La cuinera, senyora Carme, era de Camporrells, i el seu marit va engrossir la llista de pastors.<\/span><\/p>\n<p style=\"text-align: justify;\"><span style=\"font-family: 'times new roman', times, serif; font-size: 14pt;\"><strong>FOC <\/strong><strong>A L&#8217;ALFALS<\/strong><\/span><\/p>\n<p style=\"text-align: justify;\"><span style=\"font-family: 'times new roman', times, serif; font-size: 14pt;\">En una de les meves visites al senyor Pan\u00e9, em vaig queixar de la manca de recursos i de l&#8217; escassa que era la maquinaria. S&#8217;interessa per saber el n\u00famero de tractors que ten\u00edem i li va fer gracia que solament pogu\u00e9s comptar amb els que ja he dit, m\u00e9s un Vierzon que utilitz\u00e0vem com a tractor pesat per als arrossars, per\u00f2 que molt aviat es va desintegrar. Als dos que ja he citat cal afegir-hi un tractor petit militar que f\u00e8iem servir en guerra civil per arrossegar peces de combat, i que nosaltres utilitz\u00e0vem per accionar la maquina de tallar l&#8217; alfals, per a la vaqueria principalment i per fer, quan estava sec, paques petites que guard\u00e0vem al magatzem de l&#8217;alfals. No pod\u00edem acabar de regular la humitat en el moment de recollir-lo, i una nit vam tenir la sorpresa de veure que la massa d&#8217; alfals havia fermentat i al cap d&#8217;unes hores es va posar a fumejar i a encendre&#8217;s. Jo era a casa, per\u00f2 per la finestra de la cuina vaig veure que passava alguna cosa i em vaig precipitar decidit a ser un de m\u00e9s a apagar el foc, amb molt m\u00e9s fum que no pas flama. Amb el personal, encara ens coneix\u00edem poc, i bo i admirant l&#8217; esfor\u00e7 que hi posava, van apar\u00e8ixer tot seguit dos o tres l\u00edders de colla que sense cap embut em van pregar que em retir\u00e9s perqu\u00e8 els cohibia i feien m\u00e9s feina si jo no hi era. Com que la bona voluntat ja estava demostrada, em vaig retirar i sort vam tenir del senyor Vila, amb qui l&#8217;empresa tenia concertada l&#8217; asseguran\u00e7a i que quan va acudir ens va tractar amb molta cortesia. Per sort, mai m\u00e9s vam tenir cap incident d&#8217;aquesta mena.<\/span><\/p>\n<p style=\"text-align: justify;\"><span style=\"font-family: 'times new roman', times, serif; font-size: 14pt;\">Aquell any, l&#8217;obra m\u00e9s important que vam fer va ser acabar les cases de fam\u00edlia i dotar cadascuna dels acabaments particulars i la cuina central com a base d&#8217; operaci\u00f3 per fer els menjars per a totes les cases. Les m\u00e9s velles, escampades per la finca, les v\u00e0rem enderrocar, perqu\u00e8 tenien tanta humitat que no hi pod\u00edem guardar ni l&#8217; adob si era higrosc\u00f2pic. La mem\u00f2ria m&#8217;\u00e9s infidel i no recordo en quin ordre vam anar comen\u00e7ant i acabant altres coses. La majoria a base d&#8217;enginy per sortir del pas, com ara la recol\u00b7lectora Case de que dispos\u00e0vem, que malgrat ser de les primeres d&#8217;arribar al nostre pa\u00eds, estava molt vella i recollia els cereals amb un ensacador que anava distribuint els sacs als camps a mesura que els recollia, sense tolva i sense poder treballar al detall. Aquestes labors les feia magn\u00edficament b\u00e9 el senyor Enric Perna, el nostre xofer del cami\u00f3, si b\u00e9 la recol\u00b7lectora la condu\u00efa un especialista. Vam millorar la manera de treballar eliminant l&#8217;ensacador i convertint la plataforma ensacadora en una gran caixa on hi emmagatzem\u00e0vem el gra entre descarrega i descarrega del cami\u00f3, el qual vam proveir d&#8217;uns cilindres basculants que aplegaven la caixa de transport quan era dins el magatzem de gra.<\/span><\/p>\n<p style=\"text-align: justify;\"><span style=\"font-family: 'times new roman', times, serif; font-size: 14pt;\">Mentrestant, les gestions del senyor Pan\u00e9 a Barcelona van resultar efectives i el Tribunal el va autoritzar comprar cinc tractors de quasi cent cavalls cada un. El Patronat avan\u00e7aria els diners des de la Caixa de Barcelona i jo els aniria pagant a mesura que obtingu\u00e9s resultats. Per a cadascun d&#8217;ells vam comprar un tri solc giratori i en els nostres tallers els vam proveir d&#8217;un subsolador dissenyat per mi. Gracies a un bon consell que em va donar l&#8217; amic Pom\u00e9s de la casa Pirelli, el control de profunditat el realitzarem amb rodes petites que duien uns pneum\u00e0tics molt durs, i que van resultar extraordin\u00e0riament efica\u00e7os per a les nostres terres.<\/span><\/p>\n<p style=\"text-align: justify;\"><span style=\"font-family: 'times new roman', times, serif; font-size: 14pt;\">D&#8217;aquest contacte amb el senyor Pom\u00e9s fill va n\u00e9ixer la coneixen\u00e7a amb un delineant industrial molt h\u00e0bil, el qual encara faig servir quan he de dibuixar algun estri, perqu\u00e8 a mi ja em tremola massa el pols i m&#8217;\u00e9s impossible de fer-ho. Amb tot, anava recuperant la confian\u00e7a per a fer coses noves, i una veu interior m&#8217;impulsava a tenir la convicci\u00f3 que me n&#8217;aniria sortint.<\/span><\/p>\n<p style=\"text-align: justify;\"><span style=\"font-family: 'times new roman', times, serif; font-size: 14pt;\">El senyor Tena feia dies que preparava papers al nostre despatx i en veure&#8217;m aquell dia, va dir-me:<\/span><\/p>\n<p style=\"text-align: justify;\"><span style=\"font-family: 'times new roman', times, serif; font-size: 14pt;\"><em>&#8211;\u00a0 <\/em><em>Que <\/em><em>tardar\u00e0 molt a anar a Barcelona?<\/em><\/span><\/p>\n<p style=\"text-align: justify;\"><span style=\"font-family: 'times new roman', times, serif; font-size: 14pt;\"><em>&#8211;\u00a0 No. <\/em><em>Els jefes em <\/em><em>van <\/em><em>fixar els dimarts<\/em><em>.<\/em><\/span><\/p>\n<p style=\"text-align: justify;\"><span style=\"font-family: 'times new roman', times, serif; font-size: 14pt;\"><em>&#8211;\u00a0 Oh<\/em><em>.<\/em><em>.<\/em><em>. <\/em><em>dimarts, \u00e9s dema<\/em><em>.<\/em><\/span><\/p>\n<p style=\"text-align: justify;\"><span style=\"font-family: 'times new roman', times, serif; font-size: 14pt;\"><em>&#8211;\u00a0 <\/em><em>Molt b\u00e9<\/em><em>. <\/em><em>Doncs prep\u00e0rim el que vulgui que li <\/em><em>porti al senyor Rivillo i ho far\u00e9 molt de gust.<\/em><\/span><\/p>\n<p style=\"text-align: justify;\"><span style=\"font-family: 'times new roman', times, serif; font-size: 14pt;\">Al dia seg\u00fcent, a mig mat\u00ed arribo al Tribunal Tutelar de Menors, parlo amb el senyor Lloses, li explico detalls de la feina feta, i li dono les gracies per haver autoritzat el senyor Pan\u00e9 a escollir els tractors adients a la nostra necessitat immediata. Per la meva part, hi afegeixo un tractor petit Massey Ferguson que ens havia arribat de cup, per tal com mai no hav\u00edem utilitzat les vies de distribuci\u00f3 de tractors importats pel ministeri d&#8217;Agricultura. En comptes d&#8217;un me&#8217;n vaig quedar un parell, i l&#8217;adquisici\u00f3 del segon l&#8217;an\u00e0 dissimulant el temps&#8230;<\/span><\/p>\n<p style=\"text-align: justify;\"><span style=\"font-family: 'times new roman', times, serif; font-size: 14pt;\"><strong>TREBALL I <\/strong><strong>M\u00c9S <\/strong><strong>TREBALL<\/strong><\/span><\/p>\n<p style=\"text-align: justify;\"><span style=\"font-family: 'times new roman', times, serif; font-size: 14pt;\">Comen\u00e7\u00e0vem, doncs, a fer les coses seriosament, i la primera autoritzaci\u00f3 la vam convertir en l&#8217; adquisici\u00f3 de tres Fords Majors, als que m\u00e9s tard vaig afegir-hi un quart tractor del mateix tipus, per\u00f2 que van sortir al mercat amb la marca Ebro, si b\u00e9 de lluny no es podien distingir els primers dels segons. M\u00e9s tard, ens vingueren dos Massey Ferguson de 25 cavalls, massa petits per\u00f2 molt maniobrables, que empr\u00e0vem magn\u00edficament per arrossegar carretes mitjanes.<\/span><\/p>\n<p style=\"text-align: justify;\"><span style=\"font-family: 'times new roman', times, serif; font-size: 14pt;\">La zona del vall de Camarasa \u00e9s la que ten\u00edem m\u00e9s endarrerida de laboreig de terra o b\u00e9 d&#8217;anivellament, per entendre&#8217;ns, car aquests fons eren d&#8217;argila sense pedra i admetien grans moviments de terra. Mentre que dalt al pla, la pedra, la duresa del subsol immediat, que nosaltres anomenaven cervell de gat, eren de molt dif\u00edcil transportar per millorar l&#8217; estructura dels camps.<\/span><\/p>\n<p style=\"text-align: justify;\"><span style=\"font-family: 'times new roman', times, serif; font-size: 14pt;\">En tomar de Barcelona, va donar-me l&#8217;ordre que compr\u00e9s transportadores per als tractors acabats d&#8217; adquirir i que anivell\u00e9s els plans i petits turons de la vall de Camarasa. M&#8217;autoritzaven a llogar tractors per a aquesta tasca, calia que present\u00e9s les factures cada mes i ho destinarien a uns fons especials que havien pogut fer amb la venda de terra a l&#8217;Institut de Colonitzaci\u00f3. No m&#8217;ho vaig pensar dues vegades i vaig posar a punt una triangulaci\u00f3 consistent en el seg\u00fcent: Jo llogava els tractors que nosaltres ja ten\u00edem al Patronat Rector nostre a Barcelona. El comptable em pagava en efectiu els diners facturats. Jo recollia els diners i els comptabilitzava \u00edntegres com un ingr\u00e9s de treballs a tercers rebuts de Barcelona, i amb aquest capital v\u00e0rem comprar tragelles per a tots els tractors nous, cultivadors a mida constru\u00efts per nosaltres i bisolcs per als tractors petits i tri solcs per als tractors grans, a part de construir tamb\u00e9, per a tots ells, subsoladors.<\/span><\/p>\n<p style=\"text-align: justify;\"><span style=\"font-family: 'times new roman', times, serif; font-size: 14pt;\">De totes maneres, vam convenir que adquirir tractors, escollir les marques segons exist\u00e8ncies al mercat, construir estris de treball, comprar els que no ens pogu\u00e9ssim fabricar, etc., tot aix\u00f2 requeria temps i van tomar a insistir amb la seva idea de llogar tractors mentrestant. Aix\u00f2 m&#8217;obliga a explicar-li com pensava memoritzar el treball per a cada tractor. El recurs era dividir un quadre de paper mil\u00b7limetrat en una figura que integr\u00e9s en ordenades el nom de cada tractor, i en abscisses la feina a realitzar a cada camp. En la vertical de les ordenades posava el nom del tractor, i tamb\u00e9 els cognoms o descripcions succintes dels tractors que acudissin a la nostra demanda de lloguer. A l&#8217;horitzontal d&#8217;ordenades, pos\u00e0vem a cada columna els successius treballs projectats en cada camp per ordre d&#8217;execuci\u00f3. Els imants que vaig adquirir els vaig pintar d&#8217;una cara vermells (feina a fer), i de l&#8217;altra verds (feina feta). Amb l&#8217;encarregat volt\u00e0vem la finca i rumi\u00e0vem a cada camp quines labors hi far\u00edem i les situ\u00e0vem per ordre correlatiu. En un primer moment, tot eren senyalitzacions vermelles, despr\u00e9s s&#8217;anaven canviant per senyalitzacions verdes i vet aqu\u00ed que el quadre estava preparat per absorbir tants tractors com convingu\u00e9s.<\/span><\/p>\n<p style=\"text-align: justify;\"><span style=\"font-family: 'times new roman', times, serif; font-size: 14pt;\">Al senyor Tena li convenia, doncs, que en aquells moments jo port\u00e9s un plec de comprovants de l&#8217;\u00faltim mes transcorregut a Barcelona, i ho vaig fer amb molt de gust, si b\u00e9 m&#8217;alarm\u00e0 que en aquell moment prec\u00eds l&#8217;Stromberg corregu\u00e9s m\u00e9s que mai&#8230;<\/span><\/p>\n<p style=\"text-align: center;\"><span style=\"font-family: 'times new roman', times, serif; font-size: 14pt;\"><strong>COL\u00b7LOQUI AMB LA IL<\/strong><strong>\u00b7<\/strong><strong>LUSI\u00d3<\/strong><\/span><\/p>\n<p style=\"text-align: justify;\"><span style=\"font-family: 'times new roman', times, serif; font-size: 14pt;\"><strong>SA<\/strong><strong>NTA <\/strong><strong>MARIA <\/strong><strong>DE<\/strong><strong> GIMENELLS<\/strong><\/span><\/p>\n<p style=\"text-align: justify;\"><span style=\"font-family: 'times new roman', times, serif; font-size: 14pt;\">En arribar a Raimat, bon sol i temperatura m\u00e9s c\u00e0lida. Pols de carretera al\u00e7ada, i frenada reiterada davant les oficines. Atenc el senyor Tena i em canvio de roba per anar a veure els altres companys de treball.<\/span><\/p>\n<p style=\"text-align: justify;\"><span style=\"font-family: 'times new roman', times, serif; font-size: 14pt;\">Un bon operari i bon manya que es deia Lloren\u00e7 Malaret em surt al pas per dir-me que les condicions en que treballava al taller no eren bones i em demana que el traslladi a un altre local.<\/span><\/p>\n<p style=\"text-align: justify;\"><span style=\"font-family: 'times new roman', times, serif; font-size: 14pt;\">Era una habitaci\u00f3 de mals endre\u00e7os, amb una gran porta i un gran finestral i veig que t\u00e9 possibilitats de transformaci\u00f3. Li remarco que no ho pod\u00edem fer tot al\u00adhora, per\u00f2 que la idea m&#8217;agradava. Conven\u00e7ut a mitges, em planteja que si continuava augmentant el nombre de tractors necessitava un martinet mitja per afuar els punxons\u00a0 de les arades. Aix\u00f2 ja era m\u00e9s factible d&#8217;aconseguir i li prometo que me n&#8217;ocupar\u00e9 seriosament.<\/span><\/p>\n<p style=\"text-align: justify;\"><span style=\"font-family: 'times new roman', times, serif; font-size: 14pt;\">Passo per la vaqueria, per\u00f2 en aquella hora el cuidant dormia pel fet d&#8217;haver matinat massa. Al taller de motors, el senyor Simon em somriu i em pregunta com m&#8217;havia anat el cotxe. Em demana si per anar a comprar recanvis ho podia fer com ho havia fet sempre o si jo tenia pensada alguna altra mena d&#8217;organitzaci\u00f3. Li dic que continu\u00ef com sempre i que el dia que ell volgu\u00e9s jo l&#8217;acompanyaria a Lleida per fer-me c\u00e0rrec del treball de que m&#8217;estava parlant.<\/span><\/p>\n<p style=\"text-align: justify;\"><span style=\"font-family: 'times new roman', times, serif; font-size: 14pt;\">L&#8217;\u00faltim edifici que tancava el bloc d&#8217;edificacions a peu de carretera era la llavors petita fusteria menada pel senyor Velasco. Ell tamb\u00e9 tenia el pensament disposat a demanar coses i em concreta que necessitava una serradora de fusta per fer taulons, i un edifici nou perqu\u00e8 all\u00ed no s&#8217;hi cabia.<\/span><\/p>\n<p style=\"text-align: justify;\"><span style=\"font-family: 'times new roman', times, serif; font-size: 14pt;\">Als edificis nous, s&#8217;hi havia anat intervenint i em va semblar que no tardar\u00edem gaires mesos a tenir\u00ad los acabats.<\/span><\/p>\n<p style=\"text-align: justify;\"><span style=\"font-family: 'times new roman', times, serif; font-size: 14pt;\"><strong>OBRA TUTELAR<\/strong><\/span><\/p>\n<p style=\"text-align: justify;\"><span style=\"font-family: 'times new roman', times, serif; font-size: 14pt;\">Amb l&#8217;ajuda del personal, a l&#8217;Obra Tutelar vam fer moltes coses. El dia de les inauguracions l&#8217;havia de reservar per a algun superior meu que no sab\u00e9s de que anava, amb el gran prec que ho expliqu\u00e9s al nostre president, que per mesos que passessin tampoc recordava que m&#8217;havia negat l&#8217;autoritzaci\u00f3 de fer-ho. I va ser aix\u00ed com vam construir una nau moderna pera criar-hi porcs.<\/span><\/p>\n<p style=\"text-align: justify;\"><span style=\"font-family: 'times new roman', times, serif; font-size: 14pt;\"><strong>FESTA MAJOR<\/strong><\/span><\/p>\n<p style=\"text-align: justify;\"><span style=\"font-family: 'times new roman', times, serif; font-size: 14pt;\">El que s\u00ed us hagu\u00e9s agradat molt de veure eren les nostres Festes Majors, que tot i la manca de pressupost, f\u00e8iem tan agradables com pod\u00edem. Els membres que ens honoraven amb la seva visita del Patronat d&#8217;Obra Tutelar Agr\u00e0ria arribaven a mig mat\u00ed, i nosaltres, pr\u00e8viament, ja hav\u00edem situat tota la maquinaria nova comprada en l&#8217;interregne de visita i visita a un marge de la carretera, generalment al voral esquerre, perqu\u00e8 aix\u00ed als visitants i als superiors els era m\u00e9s f\u00e0cil d&#8217;aparcar al voral dret. Pos\u00e0vem una m\u00fasica festiva que es difonia pels altaveus de les cases de fam\u00edlia i, tots mudats, els reb\u00edem com era obligat. Despr\u00e9s an\u00e0vem a missa major, i mentre an\u00e0vem entrant al temple ens salud\u00e0vem els uns als altres. Les esposes dels empleats tenien poques ocasions de participar en actes festius tan simp\u00e0tics com era el del primer dia de festa.<\/span><\/p>\n<p style=\"text-align: justify;\"><span style=\"font-family: 'times new roman', times, serif; font-size: 14pt;\">En acabar la missa, sort\u00edem a la pla\u00e7a Ramon Alb\u00f3 i comen\u00e7ava la passejada per anar observant els detalls dels tractors comprats que els tractoristes s&#8217;ocupaven de tenir impecables. Davant de les escoles, munt\u00e0vem un gran empostissat per als senyors de la Junta de Govern i all\u00f2 era el punt de partida de la carrera de bicicletes que organitz\u00e0vem en col\u00b7laboraci\u00f3 amb una penya ciclista de Lleida. Despr\u00e9s, arribava el repartiment de premis de la cursa i cadasc\u00fa al seu corral per menjar-se un dinar que, sense ser gran cosa, sortia dels estandars diaris.<\/span><\/p>\n<p style=\"text-align: justify;\"><span style=\"font-family: 'times new roman', times, serif; font-size: 14pt;\">A la tarda es feia futbol com a esport nacional;<\/span><\/p>\n<p style=\"text-align: justify;\"><span style=\"font-family: 'times new roman', times, serif; font-size: 14pt;\">i cinema, amb pel\u00b7l\u00edcules fetes per les productores de l\u2019\u00e8poca de Cle\u00f2patra, i a la nit un gran ball amb orquestra.<\/span><\/p>\n<p style=\"text-align: justify;\"><span style=\"font-family: 'times new roman', times, serif; font-size: 14pt;\">M&#8217;he deixat de dir que tamb\u00e9 era tradicional prendre&#8217;s un vermut abans de dinar.<\/span><\/p>\n<p style=\"text-align: justify;\"><span style=\"font-family: 'times new roman', times, serif; font-size: 14pt;\">A mi m&#8217;agradava molt, llavors que estava sol, poder-me passejar les tardes del dia de la Festa Major, perqu\u00e8 els companys de treball s&#8217;acostaven com a amics que \u00e9rem a parlar de tot, barrejant-hi algun cigar, bastants caf\u00e8s i fins i tot una copa.<\/span><\/p>\n<p style=\"text-align: justify;\"><span style=\"font-family: 'times new roman', times, serif; font-size: 14pt;\">Al final, sempre transmetien alguna inquietud personal, per\u00f2 mai era parlar per parlar.<\/span><\/p>\n<p style=\"text-align: justify;\"><span style=\"font-family: 'times new roman', times, serif; font-size: 14pt;\">La penya de ciclistes de Lleida, compromesos cada any amb la festa, es quedaven a dinar amb nosaltres i els acomiad\u00e0vem amb alegria en acabar aquestes trobades de gent de b\u00e9. Despr\u00e9s venia, cap a la vesprada, el tr\u00e0fec de m\u00fasics i altaveus dins l&#8217;envelat per a preparar l&#8217; obligada ballaruga. I comen\u00e7aven a apar\u00e8ixer, tamb\u00e9, nois i noies dels pobles ve\u00efns, perqu\u00e8&#8230; era Festa Major a Santa Maria!<\/span><\/p>\n<p style=\"text-align: justify;\"><span style=\"font-family: 'times new roman', times, serif; font-size: 14pt;\">L\u2019endem\u00e0, recollida de brossa i deixalles i, sobretot, de palets de fusta dels <em>mantecados<\/em><em>. <\/em>Cares de no haver dormit gaire, i tornar a la feina mentre es comentava algun episodi viscut entre ells el dia anterior.<\/span><\/p>\n<p style=\"text-align: justify;\"><span style=\"font-family: 'times new roman', times, serif; font-size: 14pt;\"><strong>LA <\/strong><strong>FERRETERIA <\/strong><strong>SOLER<\/strong><\/span><\/p>\n<p style=\"text-align: justify;\"><span style=\"font-family: 'times new roman', times, serif; font-size: 14pt;\">Llavors, vaig decidir d&#8217;anar a comprar el martinet que havia prom\u00e8s al manya.<\/span><\/p>\n<p style=\"text-align: justify;\"><span style=\"font-family: 'times new roman', times, serif; font-size: 14pt;\">A la tarda, vam seguir el consell del senyor Soler i recoll\u00edrem el martinet escollit amb el nostre cami\u00f3. La descarrega a la nostra ferreria fou m\u00e9s complicada. Com que el martinet venia ajagut sobre la caixa, vam passar el nostre polipastre arran de caixa i el vam al\u00e7ar horitzontal com estava. El cami\u00f3 es retira i el martinet queda a l&#8217; aire.<\/span><\/p>\n<p style=\"text-align: justify;\"><span style=\"font-family: 'times new roman', times, serif; font-size: 14pt;\">Un cop ficat en el seu lloc, el ferrer Sr. Malaret va mirar el martinet i va donar la seva aquiesc\u00e8ncia.<\/span><\/p>\n<p style=\"text-align: justify;\"><span style=\"font-family: 'times new roman', times, serif; font-size: 14pt;\"><strong>LA <\/strong><strong>PLA\u00c7A <\/strong><strong>DEL MENHIR<\/strong><\/span><\/p>\n<p style=\"text-align: justify;\"><span style=\"font-family: 'times new roman', times, serif; font-size: 14pt;\">La Junta de Govern volia ornamentar la pla\u00e7a de Ramon Alb\u00f3 i el senyor Lloses em va dibuixar molt acuradament un menhir d&#8217; acabat bast per posar al centre de la pla\u00e7a. Em poso en contacte amb un industrial marbrista d&#8217; Albat\u00e0rrec que tenia l&#8217; oficina a Lleida i&#8230; prou, prou, aviat va estar enllestit per la seva col\u00b7locaci\u00f3. Els demano que me&#8217;l situ\u00efn al seu lloc i aix\u00ed ho van fer, disposant primer una plataforma quadrada de ciment armat sobre la que encara avui s&#8217;hi veu el menhir en q\u00fcesti\u00f3 amb un bust en bronze del Sr. Ramon Alb\u00f3 i Mart\u00ed, el nostre fundador.<\/span><\/p>\n<p style=\"text-align: justify;\"><span style=\"font-family: 'times new roman', times, serif; font-size: 14pt;\">El pas seg\u00fcent a la pla\u00e7a Ramon Alb\u00f3 va ser construir una porta rom\u00e0nica a la cara oest de l&#8217; esgl\u00e9sia, i sempre m\u00e9s vam entrar per aquesta nova obertura, car la principal donava massa directament a la carretera i no era agradable provocar aglomeracions dominicals tan a prop\u00a0\u00a0 d&#8217;ella. El diumenge tots coincid\u00edem a missa, mudats els grans i ben empolainats els menuts.<\/span><\/p>\n<p style=\"text-align: justify;\"><span style=\"font-family: 'times new roman', times, serif; font-size: 14pt;\">El senyor Josep Pan\u00e9 era home cur\u00f3s i de detalls i volia que plant\u00e9s pins a la franja de terra llarga i estreta que discorre entre el voral de la carretera i la s\u00e8quia de Vallmanya. Aix\u00ed ho v\u00e0rem fer, fins arribar gaireb\u00e9 al pont que portava a casa del senyor Alegre. Van fer goig durant molts anys i van cr\u00e9ixer fins a l&#8217;al\u00e7ada d&#8217;un segon pis.<\/span><\/p>\n<p style=\"text-align: justify;\"><span style=\"font-family: 'times new roman', times, serif; font-size: 14pt;\">M&#8217;aconsellava que primer que res em calia assaborir un habitatge propi, petit o gran, car all\u00ed sempre estaria a\u00a0 temps d&#8217;engrandir-lo, i em sugger\u00ed l&#8217;habitatge de l&#8217;antic administrador senyor Nolla, tal com ja havien fet d&#8217;altres persones d&#8217;entre els meus superiors.<\/span><\/p>\n<p style=\"text-align: justify;\"><span style=\"font-family: 'times new roman', times, serif; font-size: 14pt;\">A criteri del senyor Pan\u00e9, jo nom\u00e9s tenia una sortida t\u00e8cnica i una pauta econ\u00f2mica a seguir, que era l&#8217;augment anyal i successiu de les nostres collites de cereals. La manera d&#8217;aconseguir-ho la va deixar a les meves mans, i jo vaig haver d&#8217;emprendre una vertadera labor practica i d&#8217;investigaci\u00f3 per assolir-ho, tot tocant tantes tecles com tenia el piano.<\/span><\/p>\n<p style=\"text-align: justify;\"><span style=\"font-family: 'times new roman', times, serif; font-size: 14pt;\"><strong>QUATRE SEMBRADORES<\/strong><\/span><\/p>\n<p style=\"text-align: justify;\"><span style=\"font-family: 'times new roman', times, serif; font-size: 14pt;\">Ll\u00e0stima que cap de les troballes d&#8217; aquella \u00e8poca avui no serveixin de gran cosa. Sobretot en una \u00e8poca en que qualsevol pol\u00edtic vol ser pag\u00e8s si la col\u00b7locaci\u00f3 administrativa implicada paga la pena. Llavors sembr\u00e0vem amb antigues sembradores Lamusa, d&#8217;Osca, i costava molt d&#8217;afinar-les per comptar el nombre de grans que deixava passar el graduador de la maquina segons el governessis.<\/span><\/p>\n<p style=\"text-align: justify;\"><span style=\"font-family: 'times new roman', times, serif; font-size: 14pt;\">M\u00e9s endavant, vam substituir les sembradores Lamusa per sembradores franceses, havent recollit la seva informaci\u00f3 a la Fira Agr\u00edcola de Par\u00eds i comprades directament al distribu\u00efdor espanyol a la Fira Agr\u00edcola de Saragossa.<\/span><\/p>\n<p style=\"text-align: justify;\"><span style=\"font-family: 'times new roman', times, serif; font-size: 14pt;\">Tamb\u00e9 vaig haver de viure, i n&#8217; estic for\u00e7a content, l\u2019\u00e8poca de la substituci\u00f3 de les mules i els cavalls per les labors de camp fetes amb tractors. Va ser una transformaci\u00f3 r\u00e0pida, i un per\u00edode m\u00e9s aviat pr\u00f2sper i brillant per a l&#8217;agricultura. Els tractors tamb\u00e9 van evolucionar r\u00e0pidament, i es donaren a con\u00e8ixer els elevadors de tres punts i els estris de treball per a ells. El nombre de vedells d&#8217; engreix va anar augmentant, i recordo el consell del senyor Solans de posar vedells per engreixar.<\/span><\/p>\n<p style=\"text-align: justify;\"><span style=\"font-family: 'times new roman', times, serif; font-size: 14pt;\">I, fins aqu\u00ed, el resum del llibre, Donem la cada i cinc col\u00b7loquis del que fou director de l\u2019Obra Tutelar Agr\u00e0ria, Sr. An\u00edcet Cassa\u00f1as Cladelles.<\/span><\/p>\n","protected":false},"excerpt":{"rendered":"<p>&#46;&#46;&#46;<\/p>\n","protected":false},"author":1,"featured_media":0,"comment_status":"closed","ping_status":"closed","sticky":false,"template":"","format":"standard","meta":{"footnotes":""},"categories":[14],"tags":[],"class_list":["post-2039","post","type-post","status-publish","format-standard","hentry","category-resums-llibres"],"_links":{"self":[{"href":"https:\/\/santamariadegimenells.info\/index.php\/wp-json\/wp\/v2\/posts\/2039","targetHints":{"allow":["GET"]}}],"collection":[{"href":"https:\/\/santamariadegimenells.info\/index.php\/wp-json\/wp\/v2\/posts"}],"about":[{"href":"https:\/\/santamariadegimenells.info\/index.php\/wp-json\/wp\/v2\/types\/post"}],"author":[{"embeddable":true,"href":"https:\/\/santamariadegimenells.info\/index.php\/wp-json\/wp\/v2\/users\/1"}],"replies":[{"embeddable":true,"href":"https:\/\/santamariadegimenells.info\/index.php\/wp-json\/wp\/v2\/comments?post=2039"}],"version-history":[{"count":1,"href":"https:\/\/santamariadegimenells.info\/index.php\/wp-json\/wp\/v2\/posts\/2039\/revisions"}],"predecessor-version":[{"id":2040,"href":"https:\/\/santamariadegimenells.info\/index.php\/wp-json\/wp\/v2\/posts\/2039\/revisions\/2040"}],"wp:attachment":[{"href":"https:\/\/santamariadegimenells.info\/index.php\/wp-json\/wp\/v2\/media?parent=2039"}],"wp:term":[{"taxonomy":"category","embeddable":true,"href":"https:\/\/santamariadegimenells.info\/index.php\/wp-json\/wp\/v2\/categories?post=2039"},{"taxonomy":"post_tag","embeddable":true,"href":"https:\/\/santamariadegimenells.info\/index.php\/wp-json\/wp\/v2\/tags?post=2039"}],"curies":[{"name":"wp","href":"https:\/\/api.w.org\/{rel}","templated":true}]}}