{"id":2037,"date":"2026-01-10T19:02:17","date_gmt":"2026-01-10T19:02:17","guid":{"rendered":"https:\/\/santamariadegimenells.info\/?p=2037"},"modified":"2026-01-15T22:00:02","modified_gmt":"2026-01-15T22:00:02","slug":"siguiendo-mi-camino","status":"publish","type":"post","link":"https:\/\/santamariadegimenells.info\/index.php\/2026\/01\/10\/siguiendo-mi-camino\/","title":{"rendered":"Siguiendo mi camino"},"content":{"rendered":"<p><img loading=\"lazy\" decoding=\"async\" class=\"alignnone wp-image-2033 size-full\" src=\"http:\/\/santamariadegimenells.info\/wp-content\/uploads\/2026\/01\/siguiendo-mi-camino.jpg\" alt=\"\" width=\"1353\" height=\"1821\" srcset=\"https:\/\/santamariadegimenells.info\/wp-content\/uploads\/2026\/01\/siguiendo-mi-camino.jpg 1353w, https:\/\/santamariadegimenells.info\/wp-content\/uploads\/2026\/01\/siguiendo-mi-camino-223x300.jpg 223w, https:\/\/santamariadegimenells.info\/wp-content\/uploads\/2026\/01\/siguiendo-mi-camino-761x1024.jpg 761w, https:\/\/santamariadegimenells.info\/wp-content\/uploads\/2026\/01\/siguiendo-mi-camino-768x1034.jpg 768w, https:\/\/santamariadegimenells.info\/wp-content\/uploads\/2026\/01\/siguiendo-mi-camino-1141x1536.jpg 1141w\" sizes=\"auto, (max-width: 1353px) 100vw, 1353px\" \/><\/p>\n<p style=\"text-align: center;\"><em>Resumeixo la part que toca a Santa Maria de Gimenells.<\/em><\/p>\n<p style=\"text-align: center;\"><span style=\"font-family: 'times new roman', times, serif; font-size: 18pt;\"><strong>COL\u00d2NIA AGR\u00cdCOLA DE SANTA MARIA DE GIMENELLS<\/strong><\/span><\/p>\n<p style=\"text-align: justify;\"><span style=\"font-family: 'times new roman', times, serif; font-size: 14pt;\">No descriurem amb tots els detalls l&#8217;origen i fins d&#8217;aquesta Col\u00f2nia. Per\u00f2 s\u00ed que donarem una visi\u00f3 conjunta de la seva estructura i \u00faltimes concrecions, despr\u00e9s d&#8217;una experi\u00e8ncia que aconsegueix ja m\u00e9s dels vint-i-cinc anys.<\/span><\/p>\n<p style=\"text-align: justify;\"><span style=\"font-family: 'times new roman', times, serif; font-size: 14pt;\">La finca de Gimenells hem desitjat que la presid\u00eds, en el seu edifici central, la imatge patron\u00edmica de Sant Isidre, el sant llaurador de les hortes del\u00a0Jarama\u00a0i dels marges del Manzanares, les bodes del qual amb Santa Mar\u00eda del Cap, noces de castellans nous, vilatans i llauradors, va immortalitzar, com \u00e9s sabut,\u00a0Lope\u00a0de Vega.<\/span><\/p>\n<p style=\"text-align: justify;\"><span style=\"font-family: 'times new roman', times, serif; font-size: 14pt;\">Aquesta popular presid\u00e8ncia i el subseg\u00fcent protectorat de Sant Isidre, tan justament invocat per la classe agr\u00edcola espanyola, els hem pogut sentir efica\u00e7ment davant les innombrables dificultats sorgides i ven\u00e7udes en les terres de Gimenells, sobretot en els anys anteriors al glori\u00f3s Alliberament.<\/span><\/p>\n<p style=\"text-align: justify;\"><span style=\"font-family: 'times new roman', times, serif; font-size: 14pt;\">No existeixen miracles ni fets prodigiosos, diu l&#8217;impiu. Per\u00f2 n&#8217;hi ha. Quin major miracle pot assenyalar-se que el d&#8217;haver-se pogut aconseguir l&#8217;adquisici\u00f3 d&#8217;una finca de tal volum a favor de la\u00a0inf\u00e0ncia\u00a0desventurada i a nom d&#8217;una entitat ben\u00e8fica que manca de recursos?<\/span><\/p>\n<p style=\"text-align: justify;\"><span style=\"font-family: 'times new roman', times, serif; font-size: 14pt;\">\u00abEl Senyor s&#8217;ha fet el meu protector i m&#8217;ha portat a un lloc molt espai\u00f3s\u00bb ..<\/span><br \/>\n<span style=\"font-family: 'times new roman', times, serif; font-size: 14pt;\">I ho ha regalat a l&#8217;Obra, perqu\u00e8, com a expressa Sant Pau, \u00e9s poder\u00f3s per a fer totes les coses m\u00e9s complidament del que demanem o entenem.<\/span><\/p>\n<p style=\"text-align: justify;\"><span style=\"font-family: 'times new roman', times, serif; font-size: 14pt;\">\u00abTendeix els ulls&#8230;, i veur\u00e0s que amples i espaiosos s\u00f3n els\u00a0termes\u00a0de la teva hisenda i que rica i abundosa \u00e9s la teva heretat\u00bb.<\/span><\/p>\n<p style=\"text-align: justify;\"><span style=\"font-family: 'times new roman', times, serif; font-size: 14pt;\">\u00abVas visitar la terra i la vas regar satisfent-la de riqueses, Els llocs deserts per molts segles per a tu estaran plens d&#8217;edificis.<\/span><\/p>\n<p style=\"text-align: justify;\"><span style=\"font-family: 'times new roman', times, serif; font-size: 14pt;\">L&#8217;Obra no tenia b\u00e9ns de cap classe i va poder adquirir una finca de notable extensi\u00f3, que t\u00e9 pagada ja.<\/span><\/p>\n<p style=\"text-align: justify;\"><span style=\"font-family: 'times new roman', times, serif; font-size: 14pt;\">El Vescomte de\u00a0Eza\u00a0deia, en una carta seva, que va tenir l\u2019atenci\u00f3\u00a0de dedicar-nos en fundar-se l&#8217;Obra .Tutelar Agr\u00e0ria, que : \u00abSi \u00e9s cert que per a regar fa falta l&#8217;aigua, no \u00e9s menys ,evident que amb aigua sola no es rega, i la transformaci\u00f3 del cultiu de sec\u00e0 en regadiu, que \u00e9s el que s&#8217;ha fet a Gimenells, exigeix molt major capital que el que representa el valor terra i productes\u00bb.<\/span><\/p>\n<p style=\"text-align: justify;\"><span style=\"font-family: 'times new roman', times, serif; font-size: 14pt;\">Bene\u00eft sigui el Senyor, que una vegada m\u00e9s ha fet part\u00edcips de la seva miseric\u00f2rdia als pobres i ha exaltat als humils, com s\u00f3n els nens, fent-los participants i usufructuaris d&#8217;aquestes terres!<\/span><\/p>\n<p style=\"text-align: justify;\"><span style=\"font-family: 'times new roman', times, serif; font-size: 14pt;\">El ser plana la terra permet l&#8217;\u00fas de m\u00e0quines, i la seva notable extensi\u00f3 facilita en forma simult\u00e0nia l&#8217;explotaci\u00f3 ramadera. Hi ha en ella centenars de caps de bestiar, i aix\u00f2 produeix, com\u00a0complement, el fem, que tant aprofita a la terra, sobretot quan falten o escassegen els abonaments qu\u00edmics. I sempre pot estalviar-los, sent m\u00e9s duradors i millorant la terra. El bestiar, deia Joaqu\u00edn Costa, \u00e9s un g\u00e8nere de maquin\u00e0ria que cull per si mateix l&#8217;herba i a m\u00e9s la metamorfosa en carn, amb la m\u00ednima intervenci\u00f3 de l&#8217;home, i aquesta carn t\u00e9 el gran avantatge que surt de la finca pels seus propis peus.<\/span><\/p>\n<p style=\"text-align: justify;\"><span style=\"font-family: 'times new roman', times, serif; font-size: 14pt;\">En l&#8217;aspecte de la professi\u00f3 agr\u00edcola, la Col\u00f2nia de Santa Mar\u00eda de Gimenells<a href=\"#_ftn1\" name=\"_ftnref1\">[1]<\/a> escomet i resol les tres grans aspiracions de tot jove, \u00e9s a saber, adquirir una t\u00e8cnica i formaci\u00f3 professional, trobar treball ben remunerat i poder constituir una llar pr\u00f2pia sota un sostre acollidor.<\/span><br \/>\n<span style=\"font-family: 'times new roman', times, serif; font-size: 14pt;\">Avui alberga uns cent cinquanta tutelats\u00a0distribu\u00efts\u00a0en sis Cases de Fam\u00edlia, a ra\u00f3 de vint-i-cinc per llar, perqu\u00e8 el sistema familiar \u00e9s el que s&#8217;imposa, en substituci\u00f3 de grans conglomerats, per\u00f2 es van construint nous edificis per a anar col\u00b7locant uns altres m\u00e9s.<\/span><\/p>\n<p style=\"text-align: justify;\"><span style=\"font-family: 'times new roman', times, serif; font-size: 14pt;\">Aquestes Cases de Fam\u00edlia estan regides cadascuna per un matrimoni triat, que comparteix paternalment amb els nois, igual que amb\u00a0els seus fills ; aquest r\u00e8gim suprimeix tot concepte de massa\u00a0greg\u00e0ria\u00a0i evita el caure sota una disciplina asilar, al fet que s\u00f3n tan prop\u00edcies la major part d&#8217;aglomeracions escolars.<\/span><\/p>\n<p style=\"text-align: justify;\"><span style=\"font-family: 'times new roman', times, serif; font-size: 14pt;\">Aquests nois s&#8217;agrupen en quatre classe o condicions :\u00a0escolars, tutelats, ex tutelats i tutelats d&#8217;honor.<\/span><\/p>\n<p style=\"text-align: justify;\"><span style=\"font-family: 'times new roman', times, serif; font-size: 14pt;\">Al principi, tots els nois ingressaven en la Col\u00f2nia, almenys, als catorze anys, en edat de treballar i, a vegades, amb una lleu experi\u00e8ncia de les labors del camp,\u00a0 fos obtinguda en l&#8217;altra instituci\u00f3 de la pr\u00f2pia Obra, Santa Mar\u00eda del Vall\u00e9s, o b\u00e9 es tract\u00e9s de menors que procedien de fam\u00edlies del camp. La pr\u00e0ctica ha aconsellat la conveni\u00e8ncia d&#8217;anticipar l&#8217;edat, acollint nens de vuit a nou anys, a fi d&#8217;anar formant un nucli que amb el seu feli\u00e7 i m\u00e9s f\u00e0cil adaptaci\u00f3 i bon comportament assenyal\u00e9s la pauta als arribats posteriorment. Aquests s\u00f3n els anomenats escolars i el seu pla pedag\u00f2gic \u00e9s parell al de qualsevol pensionat, ja que cursen els estudis d&#8217;ensenyament primari i reben una\u00a0s\u00f2lida\u00a0formaci\u00f3 religiosa\u00a0i moral.<\/span><\/p>\n<p style=\"text-align: justify;\"><span style=\"font-family: 'times new roman', times, serif; font-size: 14pt;\">Aquests es consideren amb categoria de\u00a0tutelats, una vegada\u00a0acabat el cicle escolar a qu\u00e8 ens hem referit i quan han complert els catorze anys. Llavors, i no abans, comen\u00e7a l&#8217;aprenentatge\u00a0professional, que per als m\u00e9s \u00e9s l&#8217;agricultura, per\u00f2 tamb\u00e9 es trien alguns amb destinaci\u00f3 als tallers i especialitzacions agr\u00edcoles existeixen\u00a0tres\u00a0en la Col\u00f2nia, \u00e9s a saber: fusters, ferrers, mec\u00e0nics, forners, obrers, vaquers i\u00a0tractoristes.<\/span><\/p>\n<p style=\"text-align: justify;\"><span style=\"font-family: 'times new roman', times, serif; font-size: 14pt;\">Els tutelats poden emancipar-se als divuit anys, si b\u00e9 gaireb\u00e9 tots sol\u00b7liciten continuar fins que arriben a l&#8217;edat de complir el servei militar. S\u00f3n molts tamb\u00e9 aquells que, una vegada complerts, demanen de nou el seu ingr\u00e9s, i aquests se subdivideixen en ex tutelats i en tutelats d&#8217;honor, segons direm m\u00e9s endavant. Tan aviat comencen els nois a treballar, se&#8217;ls assigna, a part la seva manutenci\u00f3 i vestimenta, un sou setmanal, el qual augmenta a mesura que van progressant\u00a0en les seves aptituds ; d&#8217;aquest sou se&#8217;ls\u00a0entrega. una part en met\u00e0l\u00b7lic tots els diumenges, segons el seu comportament i el seu treball, i la resta se&#8217;ls ingressa en una llibreta d&#8217;estalvi. D&#8217;aquesta manera se&#8217;ls estimula, al mateix temps, a la pr\u00e0ctica de les virtuts de l&#8217;economia i de la laboriositat. Excepte el per\u00edode de la recol\u00b7lecci\u00f3 i trilla, la\u00a0jornada \u00e9s de vuit hores. A l&#8217;hivern tenen classes nocturnes de\u00a0instrucci\u00f3\u00a0i rep\u00e0s.<\/span><\/p>\n<p style=\"text-align: justify;\"><span style=\"font-family: 'times new roman', times, serif; font-size: 14pt;\">Per les festes de Nadal s\u2019autoritza la sortida a quants acreditin haver rebut invitaci\u00f3 d&#8217;algun dels seus familiars, i tornen una vegada acabades. Cada any surten amb aquest motiu prop d&#8217;un centenar de nois, i no falta cap en la data que se&#8217;ls fixa. En la Col\u00f2nia no hi ha tanques ni guarda algun especial per a vigilar als nois, i aquests no s&#8217;escapen, perqu\u00e8 saben que all\u00ed se&#8217;ls tracta i estan millor que en cap altre lloc.<\/span><\/p>\n<p style=\"text-align: justify;\"><span style=\"font-family: 'times new roman', times, serif; font-size: 14pt;\">En marxar a complir el servei militar, poden emportar-se tots els seus estalvis, per\u00f2 molts els deixen i se&#8217;ls va manant els diners a mesura que el necessiten. Mentre romanen en files, \u00e9s garbellin molt sovint i, quan poden aconseguir perm\u00eds, van a\u00a0passar-lo\u00a0a la Col\u00f2nia, la qual els subvenciona els viatges, podent\u00a0aprofitar\u00a0aquest temps per a ajudar en les feines del camp i, amb aix\u00f2, aconseguir noves economies. Una vegada llicenciats, poden tornar a la Col\u00f2nia i \u00e9s llavors quan se&#8217;ls considera ex tutelats ; en concepte\u00a0de tals se&#8217;ls assigna un sou setmanal adequat i just, del qual se&#8217;ls descompten deu pessetes di\u00e0ries per la manutenci\u00f3 i neteja de roba.<\/span><\/p>\n<p style=\"text-align: justify;\"><span style=\"font-family: 'times new roman', times, serif; font-size: 14pt;\">Als ex tutelats que demostren capacitat i const\u00e0ncia, una vegada han contret matrimoni i sota el t\u00edtol de tutelats honor\u00edfics, se&#8217;ls concedeix casa, eines i una parcel\u00b7la de terreny, al propi temps que es posa a les seves mans la direcci\u00f3 i la responsabilitat de la les meves dt.. Els fruits que cullen en la referida parcel\u00b7la han de lliurar-los, per\u00f2 se&#8217;ls assigna un sou de cent quaranta pessetes setmanals, casa franca, pa a dos cinquanta pessetes el quilogram i tot l&#8217;hort fa miliar que necessiten per a atendre les seves necessitats i a les quals requereix el desenvolupament del corral. A m\u00e9s, se&#8217;ls concedeix participaci\u00f3 en la recria d&#8217;animals. Es considera que amb el sou i altres avantatges\u00a0que s&#8217;han enumerat, pot una fam\u00edlia viure, criar i educar als seus fills, i, amb la participaci\u00f3 en la recria d&#8217;animals, pot estalviar de deu a quinze mil pessetes anuals. Amb aquesta quantitat se&#8217;ls obre una llibreta en la Caixa d&#8217;Estalvis, de la qual no poden disposar fins que hagin transcorregut deu anys, o b\u00e9 abans, si hi ha una causa justificada; per a fer aix\u00f2, necessiten de la signatura del Director. Questa, \u00e9s una de les modalitats que acabem d\u2019implantar, i pensem que, un cop transcorreguts deu anys, el tutelat es trobaran amb un capital aproximat de cent a cent cinquanta mil pessetes, amb deu anys m\u00e9s d&#8217;experi\u00e8ncia en l&#8217;agricultura i un mode m\u00e9s assenyat de \u00b7enfocar les q\u00fcestions. Llavors poden optar per comprar una parcel\u00b7la en la mateixa finca o on m\u00e9s els convingui. Per descomptat que amb el capital estalviat i l&#8217;experi\u00e8ncia adquirida, gaireb\u00e9 \u00e9s impossible el seu frac\u00e0s.<\/span><\/p>\n<p style=\"text-align: justify;\"><span style=\"font-family: 'times new roman', times, serif; font-size: 14pt;\">Dels aprenents artesans s&#8217;espera que surtin els futurs Caps de Fam\u00edlia, podent passar a regir una casa el dia en qu\u00e8 contreguin matrimoni. Tamb\u00e9 es procura triar nois amb els quals dotar a l&#8217;Obra de sacerdots, mestres i comptadors. Es t\u00e9 la\u00a0intenci\u00f3\u00a0que, en un futur pr\u00f2xim, aquesta col\u00f2nia i les restants que depenguin de l&#8217;Obra Tutelar Agr\u00e0ria puguin funcionar amb els homes que elles mateixes hagin educat i format.<\/span><br \/>\n<span style=\"font-family: 'times new roman', times, serif; font-size: 14pt;\">La formaci\u00f3 religiosa ocupa un lloc preeminent i \u00e9s a c\u00e0rrec, igual que el culte, del propi capell\u00e0 de la Col\u00f2nia. Es disposa d&#8217;una esgl\u00e9sia &#8216; amb capacitat per a set-centes persones i, a fi de donar esplendor als actes lit\u00fargics, hi ha organitzades l&#8217;Escolania i la \u00abSchola\u00a0cantorum\u00bb.<\/span><\/p>\n<p style=\"text-align: justify;\"><span style=\"font-family: 'times new roman', times, serif; font-size: 14pt;\">Aix\u00ed mateix, per a sola\u00e7 i-esplai dels tutelats, major ment els dies de festa, es compta amb un camp de futbol i frontons, sala d&#8217;espectacles, equipada per a teatre i amb un modern\u00edssim projector sonor, i caf\u00e8-bar. En una paraula, es procura que no falti als nostres nens un ambient cordial i alegre.<\/span><\/p>\n<p style=\"text-align: justify;\"><span style=\"font-family: 'times new roman', times, serif; font-size: 14pt;\">El sal\u00f3 de confer\u00e8ncies, teatre i cinema, capa\u00e7os per a set-centes persones, i dos espaiosos locals al costat, per a escoles, formen un gran edifici que ostenta en la seva fa\u00e7ana el simp\u00e0tic nom del doctor Manuel de Tolosa\u00a0Latour, aix\u00ed denominat perqu\u00e8 vam voler tributar aquest modest per\u00f2 molt just i merescut record i afectu\u00f3s\u00a0homenatge\u00a0al fam\u00f3s metge amb l&#8217;amistat del qual ens hav\u00edem honrat. Va ser l&#8217;inspirador de la llei de Protecci\u00f3 a la Inf\u00e0ncia de l&#8217;any 1904. Coincidim amb ell durant molts anys en el Consell Superior. Ha estat \u00abun d&#8217;aquests grans homes que fan el b\u00e9 tan en silenci com l&#8217;ombra que ens protegeix quan el sol abrasa\u00bb. \u00abEra anomenat el metge dels nens, perqu\u00e8 els curava no sols amb remeis, sin\u00f3 tamb\u00e9 amb tendresa\u00bb.<\/span><\/p>\n<p style=\"text-align: justify;\"><span style=\"font-family: 'times new roman', times, serif; font-size: 14pt;\">Per a poder comptar amb llum, for\u00e7a, calefacci\u00f3 i radi constru\u00efm m\u00e9s de 12 quil\u00f2metres de l\u00ednia el\u00e8ctrica, perqu\u00e8 no va haver-hi Companyia que ens la voldria construir. L&#8217;electrificaci\u00f3 rural millora molt la vida del pag\u00e8s, la fa m\u00e9s agradable i menys fatigosa, redueix les despeses de l&#8217;explotaci\u00f3 i augmenta els rendiments de la finca. Totes les cases disposen d&#8217;una instal\u00b7laci\u00f3 de dutxes perqu\u00e8 els menors puguin utilitzar-les di\u00e0riament.<\/span><\/p>\n<p style=\"text-align: justify;\"><span style=\"font-family: 'times new roman', times, serif; font-size: 14pt;\">En la Setmana Social celebrada a C\u00f2rdova, a l&#8217;abril de 1953, es van tractar problemes agron\u00f2mics socials, com, per exemple, la defensa i enfortiment de la llar cristiana, procurant que la petita propietat estigui a l&#8217;abast de tota fam\u00edlia pagesa honrada ; una millor distribuci\u00f3 de terres ; intensificaci\u00f3 dels regadius ; que no faltin esgl\u00e9sies ni escoles, etc.<\/span><\/p>\n<p style=\"text-align: justify;\"><span style=\"font-family: 'times new roman', times, serif; font-size: 14pt;\">Monsenyor\u00a0Montini, Arquebisbe de Mil\u00e0, quan era pro Secretari d&#8217;Estat de S. S., en la seva preciosa carta a aquesta Setmana Social, deia que, mitjan\u00e7ant una racional parcel\u00b7laci\u00f3, no poques fam\u00edlies podrien comptar amb una propietat privada, tan constantment recomanada per la doctrina social de l&#8217;Esgl\u00e9sia, i que els regadius eren la gran soluci\u00f3. Tamb\u00e9 advocava pels bons habitatges en el camp.<\/span><\/p>\n<p style=\"text-align: justify;\"><span style=\"font-family: 'times new roman', times, serif; font-size: 14pt;\">Ens ha causat la natural satisfacci\u00f3 la conformitat completa del que es fa en Santa Mar\u00eda de Gimenells amb les doctrines ex posades en felicitat XIII Setmana Social espanyola.<\/span><br \/>\n<span style=\"font-family: 'times new roman', times, serif; font-size: 14pt;\">La Col\u00f2nia de Santa Mar\u00eda de Gimenells constitueix una de les experi\u00e8ncies socials m\u00e9s interessants del nostre pa\u00eds. Sobre la base del que anomenem \u00abun poble\u00bb, com a tipus de comunitat urbana, va sorgint un esb\u00f3s de llogaret, poblada per nens i adolescents, i es dibuixen ja els elements jur\u00eddics i administratius d&#8217;un aut\u00e8ntic Municipi. No podem pretendre fundar una \u00abciutat de nois, per\u00f2 s\u00ed que sembla que es va aconseguint convertir el que ahir eren terres ermes en excel\u00b7lents cultius; el que van ser ovelles esgarriades, primerencament embrutides per la mis\u00e8ria i el vici, en magn\u00edfics pilars de cristianes fam\u00edlies, que, en tenir acc\u00e9s a la propietat pel treball i arrelar en la terra, integren les c\u00e8l\u00b7lules d&#8217;un petit caseriu, que, sent ja avui un \u00abpoblat de nois, potser dem\u00e0 dona origen a un \u00abpoble de nois\u00bb aut\u00e8ntic, nascut de constants afanys i pe\u00e7a de la seva total redempci\u00f3.<\/span><\/p>\n<p><span style=\"font-family: 'times new roman', times, serif; font-size: 14pt;\">Al juny de\u00a01949, amb motiu d&#8217;adjudicar-se les dues primeres cases i parcel\u00b7les a quatre tutelats que formen dos matrimonis, va ser\u00a0a Santa Mar\u00eda de Gimenells el Ministre de just\u00edcia, Excm. Senyor Sr. Raimundo Fern\u00e1ndez Cuesta, en la seva qualitat de President d&#8217;Honor del Consell Superior de\u00a0Protecci\u00f3\u00a0de Menors; el senyor Bisbe de Lleida i nombroses autoritats i representacions\u00a0de\u00a0Barcelona,\u00a0Zaragoza\u00a0i Lleida; adonant-se,\u00a0a m\u00e9s a m\u00e9s\u00a0, de moltes\u00a0adhesions.<\/span><\/p>\n<p style=\"text-align: justify;\"><span style=\"font-family: 'times new roman', times, serif; font-size: 14pt;\">Amb tal motiu\u00a0es va organitzar\u00a0un acte en el sal\u00f3 \u00abDr. Tolosa\u00a0Latour.<\/span><\/p>\n<p style=\"text-align: justify;\"><span style=\"font-family: 'times new roman', times, serif; font-size: 14pt;\">En la premsa\u00a0es va escriure sobre aquest acte en els seg\u00fcents termes :<\/span><\/p>\n<p><span style=\"font-family: 'times new roman', times, serif; font-size: 14pt;\">\u00abConvidat pel senyor Ministre al fet que parl\u00e9s el President de l&#8217;Obra Tutelar Agr\u00e0ria, va dir aix\u00ed :<\/span><\/p>\n<p style=\"text-align: justify;\"><span style=\"font-family: 'times new roman', times, serif; font-size: 14pt;\">Excm. Senyor, Senyores i Senyors:<\/span><\/p>\n<p style=\"text-align: justify;\"><span style=\"font-family: 'times new roman', times, serif; font-size: 14pt;\">Aquest acte \u00e9s nom\u00e9s un parada en el cam\u00ed per a veure gran part del<\/span><br \/>\n<span style=\"font-family: 'times new roman', times, serif; font-size: 14pt;\">fet en favor dels centenars de menors que tenim en el\u00a0camp, i per a inaugurar el facilitar casa i terra, en contreure\u00a0matrimoni, als quals s&#8217;ho mereixin.<\/span><br \/>\n<span style=\"font-family: 'times new roman', times, serif; font-size: 14pt;\">Mentre es prometen tantes coses que no es compleixen, aquesta Obra,<\/span><br \/>\n<span style=\"font-family: 'times new roman', times, serif; font-size: 14pt;\">dins de la seva petitesa, va seguint el seu cam\u00ed i procurant &#8220;millorar el nivell de vida dels m\u00e9s modestos&#8221; i que &#8220;regni la just\u00edcia, l\u2019harmonia i la pau&#8221;, utilitzant paraules de Truman.<\/span><br \/>\n<span style=\"font-family: 'times new roman', times, serif; font-size: 14pt;\">D&#8217;acord amb aix\u00f2, el senyor Ministre adjudicar\u00e0, en la forma i condicions pertinents,\u00a0les\u00a0primeres cases, amb la qual cosa els nostres joves agricultors veuran que amb el seu treball, no sols contribueixen a l&#8217;obra patri\u00f2tica d&#8217;augmentar la indispensable i insuficient producci\u00f3 agr\u00edcola, sin\u00f3 tamb\u00e9 la seva pr\u00f2pia ascensi\u00f3 social i econ\u00f2mica;\u00a0aix\u00f2, sense comptar que gaudeixen de la sobrealimentaci\u00f3 que els concedeixen les Granges, gaudint de tan perfecta salut que en vint-i-cinc i escaig anys no hi ha hagut ni una defunci\u00f3, i els alumnes estaran contents quan no escapen malgrat mancar de reixes, murs i sentinelles. I a tots els tutelats per la Protecci\u00f3 de Menors, que ja sumen uns milers, els ha de produir molt gran i saludable efecte\u00a0veure que als seus companys que estan en les Granges i s\u2019ho mereixen se&#8217;ls eleva a la categoria de propietaris.<\/span><br \/>\n<span style=\"font-family: 'times new roman', times, serif; font-size: 14pt;\">Es compleixen vint-i-cinc anys que &#8220;un Amic dels\u00a0Menors&#8221; va estar peregrinant per aquesta zona regable del Canal d&#8217;Arag\u00f3 i Catalunya<\/span><br \/>\n<span style=\"font-family: 'times new roman', times, serif; font-size: 14pt;\">a la recerca de\u00a0terres per als _tutelats de la\u00a0Protecci\u00f3\u00a0de Menors.<\/span><\/p>\n<p style=\"text-align: justify;\"><span style=\"font-family: 'times new roman', times, serif; font-size: 14pt;\">I, que va veure?\u00a0Extensos erms grisos, tristos i,\u00a0salinosos, \u00a0coberts de farigola, espart, roman\u00ed i pita, i terrenys _pantanosos, focus de paludisme que van atacar als nostres nois, mosquit funest, ja desaparegut, per all\u00ed on discorria mansament l\u2019aigua presidits, tal era la seva solitud, pel pesat volar del corb, l\u2019elegant\u00a0planejar de la cigonya, el vol majestu\u00f3s de l&#8217;\u00e0guila reial, el pas impressionant del voltor i el r\u00e0pid de falcons i esparvers. Es va fixar\u00a0en aquesta finca, i va somiar que era patrimoni de la inf\u00e0ncia abandonada i que, amb l&#8217;aigua i el treball dels propis nois que acabava de redimir-los, l&#8217;est\u00e8ril desert es transformava de vedat de ca\u00e7a en\u00a0ub\u00e8rrim\u00a0Vedat Social, que els facilitava una llar que havien mancat, i, m\u00e9s tard, va anar un patrimoni familiar, alegre com un jard\u00ed, fecund com un hort i hospitalari\u00a0com la casa que havia de\u00a0presidir-lo, que els permetia\u00a0gaudir-lo\u00a0formant i\u00a0sostenint\u00a0una fam\u00edlia, en la dol\u00e7a pau d&#8217;una nova vida i amb l&#8217;esperan\u00e7a d&#8217;un avenir m\u00e9s ventur\u00f3s.<\/span><\/p>\n<p style=\"text-align: justify;\"><span style=\"font-family: 'times new roman', times, serif; font-size: 14pt;\">Era molt somiar, perqu\u00e8, com adquirir una finca semblant?<\/span><\/p>\n<p style=\"text-align: justify;\"><span style=\"font-family: 'times new roman', times, serif; font-size: 14pt;\">Com posar-la en explotaci\u00f3? Tractant-se\u00a0de finques de les\u00a0condiciona\u00a0que reuneix la de Gimenells, aix\u00f2 de menys era el preu de compra, malgrat ser aquest molt elevat. M\u00e9s, molt m\u00e9s costa el que ve despr\u00e9s. Aix\u00ed, per exemple, un sol desgu\u00e0s ha costat 90.000 pessetes.<\/span><br \/>\n<span style=\"font-family: 'times new roman', times, serif; font-size: 14pt;\">I el bestiar? I la maquin\u00e0ria? I els edificis? I portar la\u00a0electricitat, que tan lluny estava?<\/span><\/p>\n<p style=\"text-align: justify;\"><span style=\"font-family: 'times new roman', times, serif; font-size: 14pt;\">Per\u00f2 per a D\u00e9u res hi ha impossible. Una santa dama, de cor compassiu envers la inf\u00e0ncia desvalguda, va cuidar d&#8217;impetrar el\u00a0miracle, i, en veure-ho aconseguit, es va anar al cel, com si des de la terra no volgu\u00e9s presenciar el seu triomf. Per aix\u00f2 avui, per desgr\u00e0cia, no \u00e9s aqu\u00ed, com ho va estar quan la inesperada i agra\u00efda visita del Cabdill, en la qual aquella va anar a agafar en el camp, amb les seves pr\u00f2pies mans, unes flors, i, enlla\u00e7ant-les amb la cinta\u00a0groga\u00a0i vermella, va improvisar uns rams i els va lliurar als nostres nens com aix\u00ed els cridava sempre, perqu\u00e8 els ofrenessin a l&#8217;Esposa i a la Filla del Salvador d&#8217;Espanya,\u00a0improvisant\u00a0i ensenyant-los la dedicat\u00f2ria que havien de pronunciar.<\/span><\/p>\n<p style=\"text-align: justify;\"><span style=\"font-family: 'times new roman', times, serif; font-size: 14pt;\">Dediquem aquest record a l\u2019armad\u00edssima\u00a0difunta, perqu\u00e8 mereix la hi honri i recordi en aquests moments com a Fundadora d&#8217;aquesta Col\u00f2nia. Recordem aix\u00ed mateix a quants han cooperat, comen\u00e7ant per l&#8217;aristocr\u00e0tica fam\u00edlia propiet\u00e0ria de la finca que, per a tals fins, noblement va accedir a vendre-la.<\/span><\/p>\n<p style=\"text-align: justify;\"><span style=\"font-family: 'times new roman', times, serif; font-size: 14pt;\">En aquell desert d&#8217;ahir podeu contemplar avui &#8220;el poblat dels nois&#8221;, amb una esgl\u00e9sia per a 700 \u00e0nimes, que ja s&#8217;omple i compta amb sacerdot propi; tres escoles amb els seus mestres i un perit agr\u00edcola ; Casa Social ; cinc cases de fam\u00edlia per a 25 nens cadascuna i un\u00a0matrimoni; altres diverses cases; sala per a confer\u00e8ncies, teatre i cinema, per a 700 persones; economat, tallers i magatzems; graners; quadres, pletes, l\u00ednies el\u00e8ctriques i telef\u00f2niques, etc. Tots els\u00a0edificis tenen fa\u00e7ana a una de les dues carreteres que creuen la finca,\u00a0constru\u00efdes\u00a0per l&#8217;Institut Nacional de Colonitzaci\u00f3, que en els seus terrenys ha aixecat un poble i a pocs quil\u00f2metres altre no menys important, el de\u00a0Sucs.<\/span><\/p>\n<p style=\"text-align: justify;\"><span style=\"font-family: 'times new roman', times, serif; font-size: 14pt;\">Veureu els primers habitatges que adjudicarem a matrimonis de ex tutelats per la Protecci\u00f3 de Menors, amb la qual cosa s&#8217;at\u00e9n, usant paraules del Decret creant l&#8217;Institut Nacional de la Vivenda&#8221; les\u00a0necessitats\u00a0dels m\u00e9s humils&#8221;, i ells b\u00e9 ho s\u00f3n, perqu\u00e8 procedeixen de la humil condici\u00f3 d&#8217;asilats, i alguns van ser menys encara: petits captaires explotats.<\/span><\/p>\n<p style=\"text-align: justify;\"><span style=\"font-family: 'times new roman', times, serif; font-size: 14pt;\">Amb el patrimoni familiar brindem als nostres nois\u00a0triomfadors\u00a0aquella \u00cdntima felicitat que fa vint segles va cantar Virgili, a prop\u00f2sit de l&#8217;heretat petita, per\u00f2 suficient, que \u00e9s la il\u00b7lusi\u00f3, tan profunda i universalment sentida, de tenir casa i terra. Per aix\u00f2 el nostre segle, a pesar dels avan\u00e7os del socialisme, ha realitzat la paradoxa de ser el segle de la difusi\u00f3 de la propietat.<\/span><\/p>\n<p style=\"text-align: justify;\"><span style=\"font-family: 'times new roman', times, serif; font-size: 14pt;\">Els oferim tamb\u00e9 la casa de camp a\u00efllada, per\u00f2\u00a0acompanyada, tan anhelada pel nostre Joaqu\u00edn\u00a0Ruyra: &#8220;Si vols donar-me, Senyor, gr\u00e0cies mundanes, doneu-me una caseta que no estigui massa a prop ni lluny de ve\u00efns&#8221;.<\/span><\/p>\n<p style=\"text-align: justify;\"><span style=\"font-family: 'times new roman', times, serif; font-size: 14pt;\">I una altra combinaci\u00f3 encara m\u00e9s favorable econ\u00f2micament, oferirem als nostres joves tutelats, efectius o adoptius : assegurar-los l\u2019estabilitat a la casa i en la terra, estalviant-los el pagament de les primes d&#8217;amortitzaci\u00f3 del preu d&#8217;aquestes, en forma de cens o de parceria m\u00f2dics i equitatius, sistema semblant al r\u00e8gim hum\u00e0 de tutela establert per la llei de Colonitzaci\u00f3.<\/span><\/p>\n<p style=\"text-align: justify;\"><span style=\"font-family: 'times new roman', times, serif; font-size: 14pt;\">Al Vall\u00e9s hem creat dues Granges m\u00e9s, per a nois de menor edat, la majoria orfes i del carrer, que despr\u00e9s trasplantem aqu\u00ed; i comptem amb una altra per a nenes, que \u00e9s el seu complement, a c\u00e0rrec de Religioses Salesianes, all\u00ed col\u00b7locades per un &#8220;Amic dels Menors&#8221; i el Sant Fundador del qual vam con\u00e8ixer l&#8217;any 1886 a Sarri\u00e0,\u00a0rebent del mateix una benedicci\u00f3 que volem creure ens ha acompanyat sempre en les obres a favor dels nens.<\/span><\/p>\n<p style=\"text-align: justify;\"><span style=\"font-family: 'times new roman', times, serif; font-size: 14pt;\">La considerable extensi\u00f3 de terra que D\u00e9u ens ha concedit desitgem utilitzar-la per a cooperar a la difusi\u00f3 de la propietat, que \u00e9s m\u00e9s f\u00e0cil de realitzar en el camp que en la ind\u00fastria, no socialitzant-la, per\u00f2 s\u00ed que donant-li un sentit de solidaritat social i cristiana, <\/span><span style=\"font-family: 'times new roman', times, serif; font-size: 14pt;\">formant una gran fam\u00edlia amb la uni\u00f3 de totes les fam\u00edlies\u00a0convivents\u00a0per a la seva m\u00fatua ajuda en el mateix s\u00f2l que conre\u00efn i facin prosperar; veritable ascensi\u00f3 a &#8220;una ciutat fraterna on els homes, sota la base de la just\u00edcia, realitzin l&#8217;ordre de l&#8217;amor&#8221;. Aspirem al fet que s&#8217;elevi la condici\u00f3 del proletari, &#8220;costi el que costi&#8221; com demana el Papa, i a &#8220;assegurar, com va dir el Cabdill, la independ\u00e8ncia econ\u00f2mica dels humils&#8221;. Aix\u00f2 representa l&#8217;acte d&#8217;avui, en facilitar casa i terra a ex tutelats de la Protecci\u00f3 de\u00a0Menors\u00a0cap de bestiar en el moment de contreure matrimoni. I tots volem amb fervor la realitzaci\u00f3 d&#8217;aquest programa, perqu\u00e8 entenem que els moments presents reclamen, m\u00e9s que paneg\u00edrics de les Enc\u00edcliques socials, aplicacions i realitzacions pr\u00e0ctiques d&#8217;aquestes; aix\u00f2 \u00e9s: sortir del camp de les idees i entrar en el de les realitats, &#8220;costi el que costi&#8221;, repetim.<\/span><\/p>\n<p style=\"text-align: justify;\"><span style=\"font-family: 'times new roman', times, serif; font-size: 14pt;\">Aquestes extenses i belles planes, la valuosa cooperaci\u00f3 de l&#8217;Institut Nacional de l&#8217;Habitatge i la no menys efica\u00e7 de l&#8217;Institut Nacional de Colonitzaci\u00f3, del qual el Govern s&#8217;ha dignat nomenar ens Conseller, inspiren la grata esperan\u00e7a que l&#8217;acte present podr\u00e0 repetir-se moltes vegades si D\u00e9u continua beneint l&#8217;obra, i els homes la protegeixen qual creem es mereixen.<\/span><\/p>\n<p style=\"text-align: justify;\"><span style=\"font-family: 'times new roman', times, serif; font-size: 14pt;\">Va acabar donant les gr\u00e0cies al Ministre de Just\u00edcia per haver-hi\u00a0presidit\u00a0un acte inspirat en la just\u00edcia social en favor de ex tutelats de la Protecci\u00f3 de Menors, del qual n\u2019\u00e9s el cap, i a tots els que havien\u00a0concorregut\u00a0i a quants\u00a0l\u2019havien associat o adherit.<\/span><\/p>\n<p><img loading=\"lazy\" decoding=\"async\" class=\"wp-image-2303 size-large aligncenter\" src=\"http:\/\/santamariadegimenells.info\/wp-content\/uploads\/2026\/01\/aliments-709x1024.jpg\" alt=\"\" width=\"709\" height=\"1024\" srcset=\"https:\/\/santamariadegimenells.info\/wp-content\/uploads\/2026\/01\/aliments-709x1024.jpg 709w, https:\/\/santamariadegimenells.info\/wp-content\/uploads\/2026\/01\/aliments-208x300.jpg 208w, https:\/\/santamariadegimenells.info\/wp-content\/uploads\/2026\/01\/aliments.jpg 720w\" sizes=\"auto, (max-width: 709px) 100vw, 709px\" \/><\/p>\n<p style=\"text-align: justify;\"><span style=\"font-family: 'times new roman', times, serif; font-size: 14pt;\"><a href=\"#_ftnref1\" name=\"_ftn1\">[1]<\/a> Quan, en 1929, va anar adquirida la finca, formava part del terme municipal de Vilanova d&#8217;Alpicat, distant la barbaritat de 12 km., per\u00f2, despr\u00e8s d&#8217;haver estat\u00a0constru\u00eft, al costat de la citada Col\u00f2nia, el poblat de\u00a0Gimenells\u00a0per l&#8217;Institut Nacional de Colonitzaci\u00f3, gr\u00e0cies al Sr.. Director General d&#8217;Administraci\u00f3 Local, a qui ho sol\u00b7licitem en una sessi\u00f3 del Consell d&#8217;aquest Institut, ha estat concedit a aquest poblat i terme el t\u00edtol de Municipi menor. La correspond\u00e8ncia ha de dirigir-se a Col\u00f2nia Agr\u00edcola de Santa Mar\u00eda de Gimenells, per\u00a0Almacelles, prov\u00edncia de Lleida.<\/span><\/p>\n<p style=\"text-align: center;\"><span style=\"font-family: 'times new roman', times, serif; font-size: 14pt;\"><strong>CASA DE FAM\u00cdLIA MAR\u00cdA FERRER<\/strong><\/span><\/p>\n<p style=\"text-align: justify;\"><span style=\"font-family: 'times new roman', times, serif; font-size: 14pt;\">La Col\u00f2nia de Santa Maria de Gimenells (Lleida), l&#8217;objecte principal de la qual consisteix a completar la preparaci\u00f3 agr\u00edcola dels nois que han comen\u00e7at els seus estudis i\u00a0pr\u00e0ctiques\u00a0en la Col\u00f2nia de Santa Maria del Vall\u00e9s (en\u00a0Lliss\u00e0\u00a0de Vall, Barcelona), i a emancipar-los en l&#8217;ordre econ\u00f2mic,\u00a0facilitant-los\u00a0casa, eines i terres, compta tamb\u00e9 amb la seva Casa de\u00a0Fam\u00edlia. Aquesta ha estat objecte d&#8217;una fundaci\u00f3 especial, per a honrar la mem\u00f2ria de la qual tant es va preocupar en vida pels progressos de la citada Col\u00f2nia, contribuint amb la seva\u00a0dot econ\u00f2mica\u00a0i tamb\u00e9 amb la seva assist\u00e8ncia moral en favor dels nois, amb els quals\u00a0compartia\u00a0ass\u00edduament.<\/span><\/p>\n<p style=\"text-align: justify;\"><span style=\"font-family: 'times new roman', times, serif; font-size: 14pt;\">La Casa de Fam\u00edlia Maria Ferrer, en la qual es reuneixen uns 25 nois al costat d&#8217;un matrimoni, ha vingut a completar el cicle educatiu de l&#8217;Obra Tutelar Agr\u00e0ria, assenyalant, a m\u00e9s a m\u00e9s, que aquesta no sols persegueix l&#8217;habilitaci\u00f3 i aptitud agr\u00edcola dels nois i la seva independ\u00e8ncia social, mitjan\u00e7ant la possessi\u00f3 de la t\u00e8cnica del cultiu i de terres suficients, sin\u00f3 que tamb\u00e9 vol la seva preparaci\u00f3 adequada per a dotar-los de les condicions morals i materials que es requereixen perqu\u00e8 en un dia puguin arribar a constituir una fam\u00edlia i a educar als seus fills en una llar pr\u00f2pia.<\/span><\/p>\n<p style=\"text-align: justify;\"><span style=\"font-family: 'times new roman', times, serif; font-size: 14pt;\">La Casa de\u00a0Fam\u00edlia\u00a0es converteix aqu\u00ed en una\u00a0aut\u00e8ntica\u00a0Escola de Fam\u00edlies cristianes, amb la missi\u00f3 d&#8217;aconseguir un nou arrelament afectiu dels nois desheretats i desarrelats amb el s\u00f2l, amb la tradici\u00f3 i amb els costums pairals.<\/span><\/p>\n<p style=\"text-align: center;\"><strong><span style=\"font-family: 'times new roman', times, serif; font-size: 14pt;\">CASES DE FAM\u00cdLIA SANT JOSEP ORIOL<\/span><\/strong><\/p>\n<p style=\"text-align: justify;\"><span style=\"font-family: 'times new roman', times, serif; font-size: 14pt;\">En 1952 va anar solemnement bene\u00efda pel Sr. Bisbe de\u00a0Lleida, en la Col\u00f2nia Agr\u00edcola de Santa Mar\u00eda de Gimenells, de l&#8217;Obra Tutelar Agr\u00e0ria, aquesta Casa de Fam\u00edlia destinada als nens empara dos per les institucions de Protecci\u00f3 de Menors que se senten\u00a0amb vocaci\u00f3 al sacerdoci. Posseeix a aquest efecte un magn\u00edfic edifici per a 25 nens, que ha costat 235.710 pessetes, sense comptar els mobles i despeses d&#8217;habitaci\u00f3 \u00c9s fundaci\u00f3 particular.<\/span><\/p>\n<p style=\"text-align: justify;\"><span style=\"font-family: 'times new roman', times, serif; font-size: 14pt;\">La nova Casa pret\u00e9n ser un lloc destinat a l&#8217;educaci\u00f3 de nens i joves pobres, a fi de preparar-los com cal perqu\u00e8 puguin despr\u00e9s ingressar en el Seminari.<\/span><\/p>\n<p style=\"text-align: justify;\"><span style=\"font-family: 'times new roman', times, serif; font-size: 14pt;\">Al propi temps, t\u00e9 aquesta un prop\u00f2sit explorador; vol ser un planter de vocacions, buscant en el cor dels petits la crida de D\u00e9u a l&#8217;estat religi\u00f3s.<\/span><\/p>\n<p style=\"text-align: justify;\"><span style=\"font-family: 'times new roman', times, serif; font-size: 14pt;\">La protecci\u00f3 de San Jos\u00e9 Oriol, l&#8217;exemplar sacerdot que va anar beneficiat de la Bas\u00edlica Parroquial de Ntra. dels Reis (Pi) de Barcelona, sobre aquesta obra de foment de vocacions eclesi\u00e0stiques ser\u00e0 sens dubte molt fruct\u00edfera.<\/span><\/p>\n<p style=\"text-align: justify;\"><span style=\"font-family: 'times new roman', times, serif; font-size: 14pt;\">\u00c9s aquest Sant, que va anar Doctor en Teologia, un model per a futurs sacerdots. La seva vida est\u00e0 plena de prodigis, va posseir el do de les curacions, que realitzava amb facilitat extraordin\u00e0ria, moltes vegades amb aigua bene\u00efda i amb nom\u00e9s el senyal de la creu. Per la seva gran austeritat era anomenat &#8220;el Doctor pa \u00ed aigua&#8221; perqu\u00e8 eren aquests i les herbes els seus \u00fanics aliments, excepte en circumst\u00e0ncies extraordin\u00e0ries. El seu pa el canviava moltes vegades amb el dels pobres, perqu\u00e8 aquests el mengessin millor. El dia 6 de cada mes cobrava el producte del seu benefici a l&#8217;esgl\u00e9sia del Pi, reunint-se en ella amb tal motiu una veritable colla de pobres als qui re partia el que havia cobrat, reservant-se nom\u00e9s, per a viure ell tot el mes, una lliura (2,66pessetes).<\/span><\/p>\n<p style=\"text-align: justify;\"><span style=\"font-family: 'times new roman', times, serif; font-size: 14pt;\">El fam\u00f3s jurisconsult Finestres, gl\u00f2ria de la Universitat de Cervera, en carta a Ram\u00f3n L\u00e1zaro de Dou, que va anar primer President de les Corts de Cadis, carta que ha llegit un conegut nostre, diu que havia contemplat reiteradament al Sant en la muralla de Mar, departint afablement amb soldades i marins. Visitava als presos, als qui ensenyava el catecisme, com feia tamb\u00e9 amb els nens. Va col\u00b7locar a una jove, que la seva mare volia- perdre per 8 lliures (24 pessetes). Dormia vestit en el s\u00f2l o en una cadira, allotjant-se en una habitaci\u00f3 en qu\u00e8 vivia rellogat. L&#8217;Emm. Sr. Cardenal Casa\u00f1as, que es va oferir v\u00edctima per a obtenir la canonitzaci\u00f3 del Sant, i que la va aconseguir, va fundar en 1876, sent Rector del Seminari de <\/span><span style=\"font-family: 'times new roman', times, serif; font-size: 14pt;\">Barcelona, el Pensionat del llavors Beat Jos\u00e9 Oriol (el Oriolado), <\/span><span style=\"font-family: 'times new roman', times, serif; font-size: 14pt;\">molt semblant a aquesta Casa de Fam\u00edlia i, amb igual fi, per a qu\u00e8\u00a0podessin seguir la carrera sacerdotal els fills de fam\u00edlies treballadores o pobres que tinguessin vocaci\u00f3 al\u00a0sacerdoci. Va comen\u00e7ar a funcionar aquesta Secci\u00f3 amb 18 oriols.<\/span><\/p>\n<p style=\"text-align: justify;\"><span style=\"font-family: 'times new roman', times, serif; font-size: 14pt;\">Dos Prelats insignes, el Dr. T arres i Bages, i el nostre venerable Sr. Arquebisbe, han escrit sobre San Jos\u00e9 Oriol p\u00e0gines molt edificants\u00a0que podrien facilitar nombroses proves per a demostrar la\u00a0proced\u00e8ncia\u00a0del patronatge del Sant sobre aquesta Instituci\u00f3 que en el seu honor s&#8217;ha fundat a Gimenells. El nostre estimat Sr. Arquebisbe-Bisbe es fixa especialment en l&#8217; \u00abexemple de summa pobresa i mortificaci\u00f3 de qui res va posseir i tan terrible i implacablement va castigar el seu cos\u00bb.<\/span><\/p>\n<p style=\"text-align: justify;\"><span style=\"font-family: 'times new roman', times, serif; font-size: 14pt;\">At\u00e9n sol\u00b7l\u00edcitament la formaci\u00f3 espiritual dels nens oriols <\/span><span style=\"font-family: 'times new roman', times, serif; font-size: 14pt;\">de Santa Mar\u00eda de\u00a0Gimenells\u00a0el gel\u00f3s capell\u00e0 de la citada Col\u00f2nia, perqu\u00e8 sent aquesta santa obra que \u00e9s de foment de vocacions\u00a0eclesi\u00e0stica\u00a0entre la joventut m\u00e9s desemparada, predilecta que va anar del Sant.<\/span><\/p>\n<p><span style=\"font-family: 'times new roman', times, serif; font-size: 14pt;\">De la nova instituci\u00f3 donava compte La Vanguardia en els seg\u00fcents termes:<\/span><\/p>\n<p style=\"text-align: center;\"><strong><span style=\"font-family: 'times new roman', times, serif; font-size: 14pt;\">PLANTER DE VOCACIONS SACERDOTALS<\/span><\/strong><\/p>\n<p style=\"text-align: justify;\"><span style=\"font-family: 'times new roman', times, serif; font-size: 14pt;\">\u00abSi sempre \u00e9s important la tasca que realitzen les Juntes Provincials de Protecci\u00f3 de Menors, aquesta labor acreix en n\u00famero e inter\u00e8s en una capital com la nostra, de complexa composici\u00f3 i en la\u00a0que l\u00f2gicament\u00a0els camins per al desviament de la inf\u00e0ncia i de la joventut s&#8217;ofereixen m\u00e9s pr\u00f2diga ment. L&#8217;Obra Tutelar Agr\u00e0ria, que tan brillants serveis ha prestat per a la. regeneraci\u00f3 dels menors, acaba de donar cim a la Casa de Fam\u00edlia de San Jos\u00e9 Oriol per a nens tutelats en els qui desperti la vocaci\u00f3 sacerdotal i requereixi, per tant, una preparaci\u00f3 especial abans del seu ingr\u00e9s en el Seminari.<\/span><\/p>\n<p style=\"text-align: justify;\"><span style=\"font-family: 'times new roman', times, serif; font-size: 14pt;\">Va beneir la nova Instituci\u00f3, situada en la Col\u00f2nia Agr\u00edcola de Santa Mar\u00eda de Gimenells, el senyor Bisbe de Lleida, qui va pronunciar una emotiva pr\u00e8dica i va impetrar sobre la Casa la benedicci\u00f3 del glori\u00f3s San Jos\u00e9 Oriol, exemplar sacerdot i beneficiat de la parroquial esgl\u00e9sia del Pi de Barcelona. Tamb\u00e9 el senyor Bisbe lleidat\u00e0 va beneir dos grans frontons constru\u00efts per a sola\u00e7 de tots els joves acollits en l&#8217;expressada Col\u00f2nia.\u00bb<\/span><\/p>\n<p style=\"text-align: justify;\"><span style=\"font-family: 'times new roman', times, serif; font-size: 14pt;\">La ressenya de la creaci\u00f3 d&#8217;aquest nou establiment ens porta de la m\u00e0 a dedicar un breu comentari al problema general de les vocacions, a les quals dedica l&#8217;Obra les seves predileccions m\u00e9s esmer\u00e7ades.<\/span><\/p>\n<p style=\"text-align: justify;\"><span style=\"font-family: 'times new roman', times, serif; font-size: 14pt;\">No ens referim tan sols a les vocacions religioses, sin\u00f3 a tota <\/span><span style=\"font-family: 'times new roman', times, serif; font-size: 14pt;\">classe de vocaci\u00f3. L&#8217;Obra de Protecci\u00f3 de Menors, mitjan\u00e7ant els seus intensos programes educatius,\u00a0estimula\u00a0i desperta en els nens\u00a0tutelats\u00a0el naixement de moltes i variades vocacions, i tots\u00a0aquells\u00a0que senten la\u00a0crida\u00a0s\u00f3n decididament protegits en un grau de major excel\u00b7l\u00e8ncia que en el mer aspecte material i moral dels auxilis que van rebre en ingressar en els seus establiments, sigui quin fos el cam\u00ed que hagin triat, dins de la m\u00e9s \u00e0mplia gamma de professions.<\/span><\/p>\n<p style=\"text-align: justify;\"><span style=\"font-family: 'times new roman', times, serif; font-size: 14pt;\">Quan un nen sent una inclinaci\u00f3 imperiosa cap al cultiu d&#8217;una t\u00e8cnica, per encimbellada que sigui, sempre troba protecci\u00f3, si demostra posseir aptituds per a aconseguir-la.<\/span><\/p>\n<p style=\"text-align: justify;\"><span style=\"font-family: 'times new roman', times, serif; font-size: 14pt;\">En tots els centres s&#8217;efectuen exploracions vocacionals, mitjan\u00e7ant l&#8217;aplicaci\u00f3 de proves d&#8217;aptitud, que t\u00e9 per objecte predir les possibles realitzacions dels educands. Aix\u00ed mateix s&#8217;efectuen sondejos amb tests professionals, amb la finalitat de mesurar la capacitat dels nens en determinats oficis.<\/span><\/p>\n<p style=\"text-align: justify;\"><span style=\"font-family: 'times new roman', times, serif; font-size: 14pt;\">En resum : s&#8217;at\u00e9n amb amplitud a tot el vast camp vocacional. D&#8217;una banda, s\u2019estudia la capacitat dels nens amb l\u00edmit de rendiment aconseguit pels individus, i com m\u00e0xima culminaci\u00f3 del desenvolupament de les funcions org\u00e0niques; i, d&#8217;altra banda, s&#8217;observen les aptituds en el seu sentit -de capacitats innates i efici\u00e8ncia en el rendiment del treball.<\/span><\/p>\n<p style=\"text-align: justify;\"><span style=\"font-family: 'times new roman', times, serif; font-size: 14pt;\">El sondeig de les capacitats t\u00e9 una import\u00e0ncia transcendental, i avui poden aquestes determinar-se cient\u00edficament en els labora toris psicot\u00e8cnics. Aquesta import\u00e0ncia consisteix en el fet que, com s&#8217;ha dit abans, les aptituds s\u00f3n innates, no s&#8217;aprenen i, per tant, conv\u00e9 con\u00e8ixer-les per endavant per a no perdre el temps in\u00fatilment.<\/span><\/p>\n<p style=\"text-align: justify;\"><span style=\"font-family: 'times new roman', times, serif; font-size: 14pt;\">En el pron\u00f2stic encertat de les aptituds dels nens es troba, sens dubte, la clau dels nombrosos \u00e8xits aconseguits.<\/span><\/p>\n<p style=\"text-align: justify;\"><span style=\"font-family: 'times new roman', times, serif; font-size: 14pt;\">La relaci\u00f3 dels quals, havent comen\u00e7at a ser protegits templa do nens, van aconseguir amb un t\u00edtol el cim dels seus estudis en carreres i professions t\u00e8cniques, o b\u00e9 en els oficis m\u00e9s qualificats, seria molt prolixa, a pesar que no sol ser aquest el cam\u00ed generalment es seguit pels nostres tutelats. La defici\u00e8ncia mental i moral que pateixen molts, com queda dit, impedeix que aquests tals puguin aconseguir tan elevades metes. No obstant aix\u00f2, el cam\u00ed queda obert a tots per igual, segons el seu talent.<\/span><\/p>\n<p style=\"text-align: center;\"><strong><span style=\"font-family: 'times new roman', times, serif; font-size: 14pt;\">ELEVACI\u00d3 D\u2019EX TUTELATS A PROPIETARIS<\/span><\/strong><\/p>\n<p style=\"text-align: justify;\"><span style=\"font-family: 'times new roman', times, serif; font-size: 14pt;\">En anteriors p\u00e0gines hem descrit les directrius que ens han mogut a desenvolupar un vast pla de reeducaci\u00f3 dels joves per mitj\u00e0 del treball agr\u00edcola. Mes ara volem precisar amb major deteniment la fonamentaci\u00f3 i perspectives que en l&#8217;Obra\u00a0Tutelar\u00a0Agr\u00e0ria es volen oferir a aquells dels nostres tutelats que de mostrin una decidida vocaci\u00f3 pel camp, una vegada superat el per\u00edode de prova i completada la seva formaci\u00f3 t\u00e8cnica amb la\u00a0ensenyan\u00e7a\u00a0te\u00f2rica i pr\u00e0ctica de l&#8217;agricultura. Es tracta d&#8217;un llit que, per descomptat, pot oferir facilitats i evident efic\u00e0cia per a aconseguir l&#8217;anhelada fi.<\/span><\/p>\n<p style=\"text-align: justify;\"><span style=\"font-family: 'times new roman', times, serif; font-size: 14pt;\">Ens referim al seu acc\u00e9s a la propietat, per mitj\u00e0 d&#8217;un lloguer especial o l&#8217;adquisici\u00f3 per compra, amb tota classe de facilitats, de parcel\u00b7les de terra suficients per al sosteniment d&#8217;una fam\u00edlia, d&#8217;aquesta manera convertint en propietaris a nombrosos nois procedents de les capes inferiors del proletariat. La modalitat dels arrendaments familiars i estables serveix en gran manera per a la major comoditat adquisitiva, sobretot, dels matrimonis joves que no posseeixen mitjans econ\u00f2mics suficients per a anar a la compra d&#8217;habitatge i parcel\u00b7la fins i tot amb les amortitzacions suaus i corresponents pagaments a llargs terminis que per a tals casos solen establir-se. Aquesta f\u00f3rmula permet ajudar-los quan necessitin i poder comptar ells amb elements suficients per a viure i prosperar.<\/span><\/p>\n<p style=\"text-align: justify;\"><span style=\"font-family: 'times new roman', times, serif; font-size: 14pt;\">Aquest prop\u00f2sit obeeix al ferm desig que hem de tenir tots de col\u00b7laborar als anhels del Papa, qui ha expressat amb reiterada insist\u00e8ncia que \u00abentri tots els b\u00e9ns que poden ser objecte de propietat. privada, cap \u00e9s m\u00e9s conforme a la naturalesa que el terreny, que la possessi\u00f3 en qu\u00e8 habita la fam\u00edlia i dels fruits de la qual treu, en tot o en part, que viure.<\/span><\/p>\n<p style=\"text-align: justify;\"><span style=\"font-family: 'times new roman', times, serif; font-size: 14pt;\">Realment, els nostres anys de pr\u00e0ctica al capdavant de l&#8217;Obra Tutelar Agr\u00e0ria ens confirmen no sols en la mera enunciaci\u00f3 del dret natural de la propietat individual i familiar, sin\u00f3 tamb\u00e9 que existeixen nombrosos joves amb la il\u00b7lusi\u00f3 de treballar en finca pr\u00f2pia i que la fam insatisfeta de terra constitueix l&#8217;arrel de moltes angoixes socials.<\/span><\/p>\n<p style=\"text-align: justify;\"><span style=\"font-family: 'times new roman', times, serif; font-size: 14pt;\">L&#8217;antologia de pensaments pontificis sobre la difusi\u00f3 de la propietat compta, entre altres, amb la frase felic\u00edssima de Lle\u00f3 XIII que encap\u00e7ala aquest cap\u00edtol. Diu aquest insigne Papa : &#8220;les lleis han d&#8217;afavorir la propietat privada, i quan fos possible, procurar siguin molt\u00edssims al poble els propietaris&#8221;, i continua m\u00e9s a baix, referint-se a la propietat agr\u00edcola: &#8220;Perqu\u00e8 l&#8217;home, quan treballa en terreny que sap que \u00e9s seu, ho fa amb un afany i una cura molta majors ; i fins i tot arriba a cobrar un gran amor a la terra que amb les seves mans conrea. I aquest afany de la voluntat contribueix a l&#8217;abund\u00e0ncia de les collites i a l&#8217;augment de la riquesa dels pobles&#8221;. Aquest text en veritat hist\u00f2ric, fermall resplendent de l&#8217;obra d&#8217;aquell Pont\u00edfex immortal, ha estat per a nosaltres el millor esper\u00f3 que ens ha mogut a cuidar-nos d&#8217;una labor que contribueixi a reduir la massa assalariada per elevaci\u00f3 de la seva categoria social, a obrir nous accessos a la propietat, enrobustint d&#8217;aquesta manera la classe mitjana econ\u00f2mica i donant major estabilitat al pa\u00eds, dins de la limitaci\u00f3 que \u00e9s for\u00e7osa en una obra de car\u00e0cter particular i modesta com la nostra.<\/span><\/p>\n<p style=\"text-align: justify;\"><span style=\"font-family: 'times new roman', times, serif; font-size: 14pt;\">Pels textos addu\u00efts es veu d&#8217;un mode clar que en la ment del Papa no sols s&#8217;inclou com a ideal social el treball de la pr\u00f2pia terra, sin\u00f3 la possessi\u00f3 d&#8217;un habitatge adequat a les necessitats familiars, on poder menjar amb els fills el pa guanyat amb el propi esfor\u00e7. La terra i l&#8217;habitatge constitueixen les necessitats capitals al fet que l&#8217;agricultor ha de tenir f\u00e0cil acc\u00e9s, segons el dret natural, si volem contribuir al fet que redueixi les seves files el proletariat rural.<\/span><\/p>\n<p style=\"text-align: justify;\"><span style=\"font-family: 'times new roman', times, serif; font-size: 14pt;\">Com s&#8217;ha indicat en un altre cap\u00edtol, la Col\u00f2nia Agr\u00edcola de Santa Mar\u00eda de Gimenells reuneix condicions adequades per a la realitzaci\u00f3 d&#8217;un pla d&#8217;aquesta \u00edndole. Compta amb terrenys abundants, plans i propis per al cultiu, gr\u00e0cies al cabal d&#8217;aigua que li facilita el Canal d&#8217;Arag\u00f3 i Catalunya, regulat pel Pant\u00e0 de Barasona (Osca), i que un dia ser\u00e0 incrementat pel de Santa Ana, ja acordat construir. Es coneixen antecedents en mat\u00e8ria d&#8217;edificaci\u00f3 d&#8217;habitatges per a les classes populars, amb motiu del funciona esmento del Patronat de l&#8217;Habitaci\u00f3 1 que va anar creat en aquesta ciutat a fi de contribuir a resoldre o reduir el problema de l&#8217;habitatge. La terra i l&#8217;habitatge s\u00f3n els elements substancials del poble que l&#8217;Obra Tutelar Agr\u00e0ria ha comen\u00e7at a aixecar per als desheretats de la fortuna. En una publicaci\u00f3 anterior ja vam donar compte del Pla d&#8217;Ordenaci\u00f3 del somiat poble de Santa Mar\u00eda de Gimenells, aix\u00ed com tamb\u00e9 dels dos tipus d&#8217;habitatge amb hort per a bracer i llaurador, dins del poblat, i de les condicions i forma d&#8217;empla\u00e7ament dels habitatges a\u00efllats, disposades de quatre en quatre perqu\u00e8 puguin prestar-se m\u00fatua ajuda, en els v\u00e8rtexs de les parcel\u00b7les de cultiu que a cadascuna corresponen.<\/span><\/p>\n<p style=\"text-align: justify;\"><span style=\"font-family: 'times new roman', times, serif; font-size: 14pt;\">La direcci\u00f3 de l&#8217;obra es desviu per a poder destinar m\u00e9s recursos per a la construcci\u00f3 de cases i el liq\u00fci, anivellament i obertura de sistemes d&#8217;irrigaci\u00f3 dels antics erms, i per a imprimir a aquesta modalitat de protecci\u00f3 un major increment i efic\u00e0cia, un ritme que vagi al comp\u00e0s de les vocacions provades que sovint sorgeixen entre els nostres nois i entre els matrimonis de joves tutelats que demanen terra i casa. Una de les majors il\u00b7lusions que va despertar l&#8217;adquisici\u00f3 de la finca de Gimenells, perqu\u00e8 &#8220;la vida no val la pena de ser viscuda si no redunda en b\u00e9 dels altres&#8221;, va anar pensar que amb ella podr\u00edem ajudar a resoldre als nostres molt benvolguts nois aquests dos grans problemes. Confiar-nos que aquest arribi a ser el llit pel qual molts trobin facilitats per a l&#8217;acc\u00e9s a la propietat de la terra, ja que brinda i ofereix soluci\u00f3 relativament senzilla per a aquests problemes de l&#8217;habitatge rural i de Ia formaci\u00f3 dels patrimonis familiars agr\u00edcoles, que constitu\u00efen la inquietud redemptora que sentia i expressava el Cabdill en el seu discurs de 23 d&#8217;octubre de 1943.<\/span><\/p>\n<p style=\"text-align: justify;\"><span style=\"font-family: 'times new roman', times, serif; font-size: 14pt;\">No es tracta de pagesos solitaris, sense saber on acostar-se desprove\u00efts de tot, fins i tot de coneixements agr\u00edcoles, als qui hi ha la Caixa de Pensions per a la Vellesa i d&#8217;Estalvis, l&#8217;Excm. i Rdmo. Senyor Arquebisbe-Bisbe Dr. D. Gregario Modrego, amb el pla d&#8217;Habitatges del Congr\u00e9s <\/span><span style=\"font-family: 'times new roman', times, serif; font-size: 14pt;\">Eucar\u00edstic, la Caixa d&#8217;Estalvis i Mont de Pietat, el Govern Civil, i altres <\/span><span style=\"font-family: 'times new roman', times, serif; font-size: 14pt;\">que donar terra i altres elements, com diuen les lleis d&#8217;alguns pa\u00efsos, la qual cosa suposa un sacrifici econ\u00f2mic desmesurat, sin\u00f3 a\u00a0cultivadors, desitjosos de posseir terra, que estan preparats i amb elements coadjutors al seu costat per a fer-la fruct\u00edfera.<\/span><\/p>\n<p style=\"text-align: justify;\"><span style=\"font-family: 'times new roman', times, serif; font-size: 14pt;\">Aquest anhel i aquestes \u00e0nsies de posseir s\u00f3n innats en l&#8217;home. El. acc\u00e9s f\u00e0cil i tranquil a la propietat de la terra, anar a per ells, com es diu al nostre pa\u00eds, \u00e9s a dir, treballar per a si, \u00e9s el que quieren quants la conreen. El contrincant del pen\u00faltim President dels Estats Units, en el seu molt interessant llibre Un m\u00f3n, despr\u00e9s d&#8217;haver donat la volta a la Terra, feia constar aquest ardent desig de posseir un tros de terra, que havia observat en tots els agricultors per ell coneguts, i fins al mateix Director d&#8217;una Granja col\u00b7lectiva que va visitar a R\u00fassia, \u00aben la qual ja es permet a cada un dels seus components posseir una vaca\u00bb.<\/span><\/p>\n<p style=\"text-align: justify;\"><span style=\"font-family: 'times new roman', times, serif; font-size: 14pt;\">L&#8217;anterior Cap del Govern angl\u00e8s, Clement R. Attlee, en el seu llibre Present i avenir del Socialisme, declara que el fonamental \u00e9s la llibertat econ\u00f2mica, la qual no pot existir, com diu el citat autor d&#8217;Un m\u00f3n, on l&#8217;Estat ho posseeix tot, i afegint molt agudament : &#8220;Per a aquesta q\u00fcesti\u00f3 capital el marxisme no t\u00e9 resposta&#8221; I el cap del Govern angl\u00e8s, Churchill, va preconitzar reiteradament la cessi\u00f3 de parcel\u00b7les de terres i el foment de la vida de fam\u00edlia, que aconsegueix el patrimoni dom\u00e8stic agr\u00edcola, en presentar-se davant el cos electoral.<\/span><\/p>\n<p style=\"text-align: justify;\"><span style=\"font-family: 'times new roman', times, serif; font-size: 14pt;\">Als quals diguessin que tot aix\u00f2 \u00e9s pur lirisme, els contestaria mos que es fixessin en el Socialisme, i veurien com pel seu estil idealista, i gr\u00e0cies a ser-ho, conquesta &amp; les masses obreres i pageses. Nom\u00e9s predicant al poble un idealisme sa i realitzable se li pot salvar, perqu\u00e8 \u00e9s l&#8217;\u00fanica manera de fer que ens escolti. B\u00e9 coneixia la psicologia de les multituds un conegut pol\u00edtic de la nostra terra quan els parlava d&#8217;una caseta i d&#8217;un hort, la caseta i l&#8217; hortet. Nosaltres a aix\u00f2 aspirem, al fet que molts moralment abandonats, una vegada regenerats i\u00b7 acostumats al treball agr\u00edcola, puguin inscriure els seus noms en el Registre de la Propietat.<\/span><\/p>\n<p style=\"text-align: justify;\"><span style=\"font-family: 'times new roman', times, serif; font-size: 14pt;\">Cada matrimoni \u00e9s una llar, i cada fam\u00edlia t\u00e9 dret a posseir-lo i aix\u00ed ho proclamava un President nord-americ\u00e0 davant el Congr\u00e9s del seu pa\u00eds. Tot ciutad\u00e0 hagu\u00e9s de posseir una llar digna d&#8217;un home civilitzat. Per\u00f2 la llar requereix casa. Pius XII, en una al\u00b7locuci\u00f3 als joven\u00e7ans, amb llenguatge bell\u00edssim explicava el que significava la casa i la nostra casa, dues paraules b\u00e9 curtes, per\u00f2 <\/span><span style=\"font-family: 'times new roman', times, serif; font-size: 14pt;\">tan expressives, que no poden pronunciar-se sense un cert tremolor en el cor. D\u00e9u ens la conservi. Un estadista eminent, Oliveira Sala tsar, ha dit: \u00ab\u00c9s util\u00edssim que l&#8217;instint de propietat que acompanya a l&#8217;home pugui exercitar-se en la possessi\u00f3 material d&#8217;una llar que sigui higi\u00e8nic, c\u00f2mode i alegre. La fam\u00edlia que s&#8217;acull sota sostre propi \u00e9s m\u00e9s econ\u00f2mica, m\u00e9s estable i millor\u00a0constitu\u00efda.\u00bb Per aix\u00f2 \u00e9s una obra social molt convenient facilitar casa al qual manca d&#8217;ella, i terra al qual sospira per tenir-la. La casa perqu\u00e8 la necessiten per a viure i la terra perqu\u00e8 els facilita els mitjans de subsist\u00e8ncia. Cap agricultor es mor de fam. I aquesta afirmaci\u00f3, que \u00e9s molt certa, recorda la seg\u00fcent an\u00e8cdota:<\/span><\/p>\n<p style=\"text-align: justify;\"><span style=\"font-family: 'times new roman', times, serif; font-size: 14pt;\">\u00abVa haver-hi un concurs amb un premi per a qui digu\u00e9s la mentida m\u00e9s gran.<\/span><br \/>\n<span style=\"font-family: 'times new roman', times, serif; font-size: 14pt;\">Un va comen\u00e7ar dient :<\/span><\/p>\n<p style=\"text-align: justify;\"><span style=\"font-family: 'times new roman', times, serif; font-size: 14pt;\">&#8211; L&#8217;heroi de la meva hist\u00f2ria \u00e9s un pag\u00e8s pobre. <\/span><\/p>\n<p style=\"text-align: justify;\"><span style=\"font-family: 'times new roman', times, serif; font-size: 14pt;\">Per\u00f2, al moment li van interrompre, cridant a l&#8217;un\u00edson :<\/span><br \/>\n<span style=\"font-family: 'times new roman', times, serif; font-size: 14pt;\">&#8211; Tu has guanyat. Prou.\u00bb<\/span><\/p>\n<p style=\"text-align: justify;\"><span style=\"font-family: 'times new roman', times, serif; font-size: 14pt;\">I aqu\u00ed cal observar una gran paradoxa. Amb l&#8217;extraordinari avan\u00e7 del Socialisme, semblava que aquest segle havia de ser l&#8217;inici de la supressi\u00f3 de la propietat, i resulta que ha estat el de la difusi\u00f3 d&#8217;aquesta, de manera que ha augmentat el nombre de propietaris en comptes de disminuir; la qual cosa no deixa d&#8217;assenyalar una contradicci\u00f3 palm\u00e0ria amb les idees exposades per Carlos Marx fa cent anys. \u00c9s que la realitat pot m\u00e9s que les utopies dels sofistes, i per aix\u00f2, de les mateixes files dels adeptes surten confessions precioses. M\u00e0xim Gorki, per boca del protagonista d&#8217;una de les seves obres, diu aquestes paraules : \u00abL&#8217;essencial, germ\u00e0, \u00e9s la llibertat. Aquesta caseta val poc, potser, per\u00f2 \u00e9s teva. Aquest camp, petit \u00e9s, per\u00f2 et pertany.<\/span><\/p>\n<p style=\"text-align: justify;\"><span style=\"font-family: 'times new roman', times, serif; font-size: 14pt;\">Teves s\u00f3n aquestes gallines, teves aquestes fruites, teu aquest blat. En una paraula: ets rei d&#8217;aquest tros que conrees de la mare terra.\u00bb Aquest sentiment, que tan arrelat \u00e9s al nostre poble, que vol i mestressa posseir el seu com a propi, \u00e9s l&#8217;enemic m\u00e9s formidable que t\u00e9 el Comunisme.<\/span><\/p>\n<p style=\"text-align: justify;\"><span style=\"font-family: 'times new roman', times, serif; font-size: 14pt;\">A m\u00e9s, si amb el treball propi es pot arribar a ser amo, desapareix el pesar que pugui produir l&#8217;esfor\u00e7 diari i llavors es descobreix el gust pel treball.<\/span><\/p>\n<p style=\"text-align: justify;\"><span style=\"font-family: 'times new roman', times, serif; font-size: 14pt;\">Que la parcel\u00b7la \u00e9s petita. No importa. Ja podran augmentar-la, sol\u00b7licitant-ho a la Casa. Fa molts segles que un home c\u00e8lebre, Horaci, en parlar de la seva petita finca agr\u00edcola, va pronunciar aquestes memorables paraules: \u00abEstic content. No demano res m\u00e9s.\u00bb I Virgili, en la seva \u00c8gloga 1, canta\u00b7: \u00abA tu perp\u00e8tuament et queda la teva heretat, encara que petita, per\u00f2 suficient.\u00bb<\/span><\/p>\n<p style=\"text-align: justify;\"><span style=\"font-family: 'times new roman', times, serif; font-size: 14pt;\">Que la Col\u00f2nia requereix despeses cont\u00ednues, conforme, per\u00f2 els pagats ens donen confian\u00e7a per als quals falten. \u00abAbans de regar la terra amb aigua cal regar-la amb or.&gt;&gt; Perqu\u00e8 si la terra ja es rega amb aigua, \u00e9s que s&#8217;ha pagat l&#8217;or.<\/span><\/p>\n<p style=\"text-align: justify;\"><span style=\"font-family: 'times new roman', times, serif; font-size: 14pt;\">Cal donar prefer\u00e8ncia a les despeses reproductives, com la compra de maquin\u00e0ria agr\u00edcola, la construcci\u00f3 de sistemes de regadiu, sitges, magatzems, habitatges i despr\u00e9s els serveis p\u00fablics del que aviat ha de ser el poble florent dels nostres nois.<\/span><\/p>\n<p style=\"text-align: justify;\"><span style=\"font-family: 'times new roman', times, serif; font-size: 14pt;\">L&#8217;Obra Tutelar Agr\u00e0ria desitja realitzar, conforme queda indicat, una labor constant de readaptaci\u00f3 i preparaci\u00f3; t\u00e9 en el seu programa poder concedir als seus nois terres i animals de recria, a part els altres cultius i de la Granja que cuiden en com\u00fa, i facilitar-los les eines i mitjans mec\u00e0nics; els permet conc\u00f3rrer als mercats per a la venda dels seus productes; els dona poder i llibertat adquisitiva amb una certa inspecci\u00f3; els ofereix camps d&#8217;esport i locals d&#8217;esplai; els at\u00e9n sol\u00b7l\u00edcitament, amb formaci\u00f3 moral, social, alimentaci\u00f3 i vestit, en r\u00e8gim familiar; els proporciona adequada instrucci\u00f3 en les seves pr\u00f2pies escoles d&#8217;ensenyament elemental i especial, i, finalment, els inspira la formaci\u00f3 d&#8217;una gran fam\u00edlia amb la uni\u00f3 de totes les altres fam\u00edlies per a la seva m\u00fatua ajuda en el mateix s\u00f2l que conre\u00efn, assegurant a cadascun el major benestar possible. Tot aquest acariciat programa s&#8217;ha de complir, amb orientaci\u00f3 familiar, dins d&#8217;un pla de vida, de gran cordialitat, servint de base els nuclis de fam\u00edlies aut\u00e8ntiques, integrats per matrimonis que viuen amb els seus fills a la calor d&#8217;una llar ; i aquest \u00e9s precisament l&#8217;aspecte interessant que cal desenvolupar en una etapa pr\u00f2xima, confiant en el suport que requereix una empresa de tan gran transcend\u00e8ncia.<\/span><\/p>\n<p style=\"text-align: justify;\"><span style=\"font-family: 'times new roman', times, serif; font-size: 14pt;\">El que amb tals orientacions i auspicis ha comen\u00e7at a practicar-se a Gimenells obeeix a unes idees profundament sentides i que s&#8217;anhela portar a feli\u00e7 terme en molta major escala encara en que les encantadores planes que rega el Canal d&#8217;Arag\u00f3 i Catalunya, les quals, si abans van poder constituir un extens Vedat de Ca\u00e7a, aspirem al fet que puguin ser anomenades, amb tota propietat, Vedat Social de realitats de just\u00edcia i d&#8217;amor, posat sota la maternal empara de Santa Mar\u00eda de Gimenells.<\/span><\/p>\n<p style=\"text-align: center;\"><strong><span style=\"font-family: 'times new roman', times, serif; font-size: 14pt;\">COLOF\u00d3<\/span><\/strong><\/p>\n<p style=\"text-align: justify;\"><span style=\"font-family: 'times new roman', times, serif; font-size: 14pt;\">Il\u00b7lustra la coberta una fotografia simb\u00f2lica, presa en bonics voltants de Barcelona.<\/span><\/p>\n<p style=\"text-align: justify;\"><span style=\"font-family: 'times new roman', times, serif; font-size: 14pt;\">Moltes s\u00f3n les art\u00e8ries que per diferents punts condueixen els corrents immigratoris a la urbs populosa. Els relats fascinadors i les llums de la gran ciutat, amb poder irresistible, atreuen t\u00e8rbola ment a la joventut, i a la vora de les vies trepitjades, sobre els pisos de llot i asfalt, v\u00edctimes d&#8217;un tremend miratge, veiem com cauen per onsevulla, en forma d&#8217;espectres i parracs humans, els nens pr\u00f2digs i abandonats.<\/span><\/p>\n<p style=\"text-align: justify;\"><span style=\"font-family: 'times new roman', times, serif; font-size: 14pt;\">Mes no tots els camins de la ciutat s\u00f3n de perdici\u00f3. He aqu\u00ed el signe espiritual d&#8217;una senda, d&#8217;un cam\u00ed net, que t\u00e9 tot el sentit d&#8217;un retorn, si no a la llar paterna, que a vegades no existeix, a un niu calent que la caritat de Crist els proclama amb sol\u00b7licitud maternal.<\/span><br \/>\n<span style=\"font-family: 'times new roman', times, serif; font-size: 14pt;\">No s\u00f3n pocs els que segueixen el bon cam\u00ed&#8230; Per\u00f2 queden\u00a0multitud\u00a0d&#8217;indecisos i defallits en espera que alg\u00fa els obri el cor i els tendeixi la m\u00e0.<\/span><\/p>\n<p style=\"text-align: center;\"><em><strong><span style=\"font-family: 'times new roman', times, serif; font-size: 14pt;\">Vols ser tu un d&#8217;aquests ?<\/span><\/strong><\/em><\/p>\n<p style=\"text-align: center;\"><strong><em><span style=\"font-family: 'times new roman', times, serif; font-size: 14pt;\">Ens permets afegir el teu prestigi\u00f3s nom a la bella llista, que tenim iniciada, d&#8217;Amics dels Menors?<\/span><\/em><\/strong><\/p>\n","protected":false},"excerpt":{"rendered":"<p>&#46;&#46;&#46;<\/p>\n","protected":false},"author":1,"featured_media":0,"comment_status":"closed","ping_status":"closed","sticky":false,"template":"","format":"standard","meta":{"footnotes":""},"categories":[14],"tags":[],"class_list":["post-2037","post","type-post","status-publish","format-standard","hentry","category-resums-llibres"],"_links":{"self":[{"href":"https:\/\/santamariadegimenells.info\/index.php\/wp-json\/wp\/v2\/posts\/2037","targetHints":{"allow":["GET"]}}],"collection":[{"href":"https:\/\/santamariadegimenells.info\/index.php\/wp-json\/wp\/v2\/posts"}],"about":[{"href":"https:\/\/santamariadegimenells.info\/index.php\/wp-json\/wp\/v2\/types\/post"}],"author":[{"embeddable":true,"href":"https:\/\/santamariadegimenells.info\/index.php\/wp-json\/wp\/v2\/users\/1"}],"replies":[{"embeddable":true,"href":"https:\/\/santamariadegimenells.info\/index.php\/wp-json\/wp\/v2\/comments?post=2037"}],"version-history":[{"count":13,"href":"https:\/\/santamariadegimenells.info\/index.php\/wp-json\/wp\/v2\/posts\/2037\/revisions"}],"predecessor-version":[{"id":2189,"href":"https:\/\/santamariadegimenells.info\/index.php\/wp-json\/wp\/v2\/posts\/2037\/revisions\/2189"}],"wp:attachment":[{"href":"https:\/\/santamariadegimenells.info\/index.php\/wp-json\/wp\/v2\/media?parent=2037"}],"wp:term":[{"taxonomy":"category","embeddable":true,"href":"https:\/\/santamariadegimenells.info\/index.php\/wp-json\/wp\/v2\/categories?post=2037"},{"taxonomy":"post_tag","embeddable":true,"href":"https:\/\/santamariadegimenells.info\/index.php\/wp-json\/wp\/v2\/tags?post=2037"}],"curies":[{"name":"wp","href":"https:\/\/api.w.org\/{rel}","templated":true}]}}