{"id":2016,"date":"2026-01-17T10:34:25","date_gmt":"2026-01-17T10:34:25","guid":{"rendered":"https:\/\/santamariadegimenells.info\/?p=2016"},"modified":"2026-01-17T11:11:08","modified_gmt":"2026-01-17T11:11:08","slug":"ramon-albo-marti-biografia","status":"publish","type":"post","link":"https:\/\/santamariadegimenells.info\/index.php\/2026\/01\/17\/ramon-albo-marti-biografia\/","title":{"rendered":"Ramon Alb\u00f3 Mart\u00ed &#8211; Biografia"},"content":{"rendered":"<p style=\"text-align: justify;\"><span style=\"font-family: 'times new roman', times, serif; font-size: 14pt;\"><strong><img loading=\"lazy\" decoding=\"async\" class=\"wp-image-2021 size-full aligncenter\" src=\"http:\/\/santamariadegimenells.info\/wp-content\/uploads\/2026\/01\/Ramon-albo-5.jpg\" alt=\"\" width=\"800\" height=\"600\" srcset=\"https:\/\/santamariadegimenells.info\/wp-content\/uploads\/2026\/01\/Ramon-albo-5.jpg 800w, https:\/\/santamariadegimenells.info\/wp-content\/uploads\/2026\/01\/Ramon-albo-5-300x225.jpg 300w, https:\/\/santamariadegimenells.info\/wp-content\/uploads\/2026\/01\/Ramon-albo-5-768x576.jpg 768w\" sizes=\"auto, (max-width: 800px) 100vw, 800px\" \/><\/strong><\/span><\/p>\n<table style=\"height: 335px;\" width=\"994\">\n<tbody>\n<tr>\n<td width=\"161\"><span style=\"font-family: 'times new roman', times, serif; font-size: 14pt;\"><strong><img loading=\"lazy\" decoding=\"async\" class=\"alignnone size-medium wp-image-2017\" src=\"http:\/\/santamariadegimenells.info\/wp-content\/uploads\/2026\/01\/Ramon-Albo-1-236x300.jpg\" alt=\"\" width=\"236\" height=\"300\" srcset=\"https:\/\/santamariadegimenells.info\/wp-content\/uploads\/2026\/01\/Ramon-Albo-1-236x300.jpg 236w, https:\/\/santamariadegimenells.info\/wp-content\/uploads\/2026\/01\/Ramon-Albo-1.jpg 386w\" sizes=\"auto, (max-width: 236px) 100vw, 236px\" \/><\/strong><\/span><\/td>\n<td width=\"135\"><span style=\"font-family: 'times new roman', times, serif; font-size: 14pt;\"><strong><img loading=\"lazy\" decoding=\"async\" class=\"alignnone size-medium wp-image-2018\" src=\"http:\/\/santamariadegimenells.info\/wp-content\/uploads\/2026\/01\/Ramon-Albo-2.jpg\" alt=\"\" width=\"170\" height=\"262\" \/><\/strong><\/span><\/td>\n<td width=\"143\"><span style=\"font-family: 'times new roman', times, serif; font-size: 14pt;\"><strong><img loading=\"lazy\" decoding=\"async\" class=\"alignnone wp-image-2019\" src=\"http:\/\/santamariadegimenells.info\/wp-content\/uploads\/2026\/01\/Ramon-Albo-3.jpg\" alt=\"\" width=\"219\" height=\"223\" srcset=\"https:\/\/santamariadegimenells.info\/wp-content\/uploads\/2026\/01\/Ramon-Albo-3.jpg 223w, https:\/\/santamariadegimenells.info\/wp-content\/uploads\/2026\/01\/Ramon-Albo-3-80x80.jpg 80w\" sizes=\"auto, (max-width: 219px) 100vw, 219px\" \/><\/strong><\/span><\/td>\n<td width=\"198\"><span style=\"font-family: 'times new roman', times, serif; font-size: 14pt;\"><strong><img loading=\"lazy\" decoding=\"async\" class=\"size-medium wp-image-2020 aligncenter\" src=\"http:\/\/santamariadegimenells.info\/wp-content\/uploads\/2026\/01\/Ramon-Albo-4.jpg\" alt=\"\" width=\"187\" height=\"269\" \/><\/strong><\/span><\/td>\n<\/tr>\n<\/tbody>\n<\/table>\n<p style=\"text-align: justify;\"><span style=\"font-family: 'times new roman', times, serif; font-size: 14pt;\">Barcelona: 30\/08\/1872 &#8211; 22\/10\/1955. Socioleg, Advocat i Politic.<\/span><\/p>\n<p style=\"text-align: justify;\"><span style=\"font-family: 'times new roman', times, serif; font-size: 14pt;\">Va realitzar estudis de dret i es va convertir en advocat. Al llarg de la seva carrera tamb\u00e9 exerciria com a jutge de menors a Barcelona, \u200b\u200bpresident del Tribunal Tutelar de Menors i director general de Presons, c\u00e0rrec aquest darrer al que va accedir el 1922. Tamb\u00e9 va ser vocal de la Caixa d&#8217;Estalvis i Pensions de Barcelona.<\/span><\/p>\n<p style=\"text-align: justify;\"><span style=\"font-family: 'times new roman', times, serif; font-size: 14pt;\">Fou Regidor a l\u2019Ajuntament de Barcelona. Diputat a les Corts Espanyoles per Barcelona (1909-1910) i Diputat a les Corts Espanyoles pel districte electoral de Castelltersol (1923).<\/span><\/p>\n<p style=\"text-align: justify;\"><span style=\"font-family: 'times new roman', times, serif; font-size: 14pt;\">Milit\u00e0 a la Lliga Regionalista i va ser membre del Grup de la Democr\u00e0cia Cristiana.<\/span><\/p>\n<p style=\"text-align: justify;\"><span style=\"font-family: 'times new roman', times, serif; font-size: 14pt;\">Obtingu\u00e9 les distincions de la Gran Creu de l\u2019Ordre Civil de Benefic\u00e8ncia (1912) i la Creu de l\u2019Ordre de Santa Raimon de Penyafor (1944)<\/span><\/p>\n<p style=\"text-align: justify;\"><span style=\"font-family: 'times new roman', times, serif; font-size: 14pt;\">Com membre de la Lliga Regionalista, el 1908 es va convertir en diputat per Barcelona en substituci\u00f3 d&#8217;Ildefons Sunyol -qui havia obtingut l&#8217;acta de diputat el 1907 per la coalici\u00f3 \u00abSolidaritat Catalana\u00bb-. A les eleccions de 1923 obtindria acta de diputat pel districte de Castelltersol.<\/span><\/p>\n<p style=\"text-align: justify;\"><span style=\"font-family: 'times new roman', times, serif; font-size: 14pt;\">Home de profundes creences cat\u00f2liques, va ser director de publicacions de tall cat\u00f2lic com la Revista Social o l\u2019Aurora Social (1907-08), des de la qual defens\u00e0 un sindicalisme de caire Cat\u00f2lic, i col\u00b7laborador d&#8217;altres com La Formiga d&#8217;Or. En 1925 seria nomenat vocal de la Junta Nacional de Premsa Cat\u00f2lica. Public\u00e0 diversos estudis en catal\u00e0, castell\u00e0 i franc\u00e8s.<\/span><\/p>\n<p style=\"text-align: justify;\"><span style=\"font-family: 'times new roman', times, serif; font-size: 14pt;\">Va presidir el Patronat de Menors Abandonats i Presos de Barcelona, \u200b\u200bfundat el 1890, que redimia els menors condemnats a multes i recollia els rodamons. En 1928 va fundar, a Lliss\u00e0 de Vall, <strong>l&#8217;Obra Tutelar Agr\u00e0ria.<\/strong><\/span><\/p>\n<p style=\"text-align: justify;\"><span style=\"font-family: 'times new roman', times, serif; font-size: 14pt;\">Persona de profundes conviccions religioses, essent encara estudiant de Dret, per &#8220;fer alguna bona obra&#8221; visitava la Pres\u00f3 de Barcelona ubicada a l&#8217;antic Convent de Sant Sever, del carrer Am\u00e0lia, que servia, al mateix temps de pres\u00f3 per homes, dones, nens i joves. Compte el mateix Ramon Alb\u00f3 que va visitar especialment l&#8217;anomenat pati &#8220;dels micos&#8221; en el que es reunien quasi un centenar de nens i joves, en edats compreses entre els nou i els divuit anys que estaven &#8220;sempre tots junts i completament ociosos &#8220;en constant i nefasta promiscu\u00eftat&#8221;.<\/span><\/p>\n<p style=\"text-align: justify;\"><span style=\"font-family: 'times new roman', times, serif; font-size: 14pt;\">Molt aviat el seu afany fou treure els m\u00e9s petits d&#8217;aquella pres\u00f3 i aconseguir per a ells un tracte i una situaci\u00f3 diferenciada que permet\u00e9s millorar la seva reeducaci\u00f3.<\/span><\/p>\n<p style=\"text-align: justify;\"><span style=\"font-family: 'times new roman', times, serif; font-size: 14pt;\">Assolit aquest objectiu a conseq\u00fc\u00e8ncia de l&#8217;establiment a Espanya dels Tribunals Tutelars de Menors, era precisa la creaci\u00f3 de Centres especialitzats per l&#8217;acolliment i el tractament dels menors necessitats de protecci\u00f3 social per l&#8217;abandonament del que eren objecte per part dels seus pares o de correcci\u00f3 i reeducaci\u00f3 pels seus adquirits mals h\u00e0bits de conducta.<\/span><\/p>\n<p style=\"text-align: justify;\"><span style=\"font-family: 'times new roman', times, serif; font-size: 14pt;\">Ramon Alb\u00f3, amb la intenci\u00f3 de formar joves perqu\u00e8 la seva sortida professional fos la pagesia i contribuir a repoblar el camp, va ser el fundador de les col\u00f2nies agr\u00edcoles i de l&#8217;entitat privada <strong>Obra Tutelar Agr\u00e0ria<\/strong> juntament amb la Junta i el Tribunal Tutelar de Menors, l\u2019any 1928.<\/span><\/p>\n<p style=\"text-align: justify;\"><span style=\"font-family: 'times new roman', times, serif; font-size: 14pt;\">La Col\u00f2nia Agr\u00edcola Les Torres de Lli\u00e7\u00e0 de Vall, va ser la primera que es va crear per a nois, el 1928. Al mateix lloc, es va crear la Col\u00f2nia de Bellaplana per a noies.<\/span><\/p>\n<p style=\"text-align: justify;\"><span style=\"font-family: 'times new roman', times, serif; font-size: 14pt;\">Tots dos centres van funcionar amb el nom d&#8217;Escoles Agr\u00edcoles de Santa Maria del Vall\u00e8s.<\/span><\/p>\n<p style=\"text-align: justify;\"><span style=\"font-family: 'times new roman', times, serif; font-size: 14pt;\">Durant la Rep\u00fablica van ser tancades i es van tornar a restablir a la immediata postguerra.<\/span><\/p>\n<p style=\"text-align: justify;\"><span style=\"font-family: 'times new roman', times, serif; font-size: 14pt;\">L\u00b4altre centre agr\u00edcola important de l\u00b4Obra \u00e9s la finca de <strong>Santa Maria de Gimenells. <\/strong><\/span><\/p>\n<p style=\"text-align: justify;\"><span style=\"font-family: 'times new roman', times, serif; font-size: 14pt;\">Entre altres promocions va Promoure la Creaci\u00f3 del Cremallera de N\u00faria.<\/span><\/p>\n","protected":false},"excerpt":{"rendered":"<p>&#46;&#46;&#46;<\/p>\n","protected":false},"author":1,"featured_media":0,"comment_status":"closed","ping_status":"closed","sticky":false,"template":"","format":"standard","meta":{"footnotes":""},"categories":[9],"tags":[],"class_list":["post-2016","post","type-post","status-publish","format-standard","hentry","category-historia"],"_links":{"self":[{"href":"https:\/\/santamariadegimenells.info\/index.php\/wp-json\/wp\/v2\/posts\/2016","targetHints":{"allow":["GET"]}}],"collection":[{"href":"https:\/\/santamariadegimenells.info\/index.php\/wp-json\/wp\/v2\/posts"}],"about":[{"href":"https:\/\/santamariadegimenells.info\/index.php\/wp-json\/wp\/v2\/types\/post"}],"author":[{"embeddable":true,"href":"https:\/\/santamariadegimenells.info\/index.php\/wp-json\/wp\/v2\/users\/1"}],"replies":[{"embeddable":true,"href":"https:\/\/santamariadegimenells.info\/index.php\/wp-json\/wp\/v2\/comments?post=2016"}],"version-history":[{"count":7,"href":"https:\/\/santamariadegimenells.info\/index.php\/wp-json\/wp\/v2\/posts\/2016\/revisions"}],"predecessor-version":[{"id":2081,"href":"https:\/\/santamariadegimenells.info\/index.php\/wp-json\/wp\/v2\/posts\/2016\/revisions\/2081"}],"wp:attachment":[{"href":"https:\/\/santamariadegimenells.info\/index.php\/wp-json\/wp\/v2\/media?parent=2016"}],"wp:term":[{"taxonomy":"category","embeddable":true,"href":"https:\/\/santamariadegimenells.info\/index.php\/wp-json\/wp\/v2\/categories?post=2016"},{"taxonomy":"post_tag","embeddable":true,"href":"https:\/\/santamariadegimenells.info\/index.php\/wp-json\/wp\/v2\/tags?post=2016"}],"curies":[{"name":"wp","href":"https:\/\/api.w.org\/{rel}","templated":true}]}}