{"id":2008,"date":"2026-01-17T10:36:53","date_gmt":"2026-01-17T10:36:53","guid":{"rendered":"https:\/\/santamariadegimenells.info\/?p=2008"},"modified":"2026-01-17T11:10:58","modified_gmt":"2026-01-17T11:10:58","slug":"els-fundadors","status":"publish","type":"post","link":"https:\/\/santamariadegimenells.info\/index.php\/2026\/01\/17\/els-fundadors\/","title":{"rendered":"Els Fundadors"},"content":{"rendered":"<p style=\"text-align: justify;\"><strong><em><img loading=\"lazy\" decoding=\"async\" class=\"alignnone wp-image-2200 \" src=\"http:\/\/santamariadegimenells.info\/wp-content\/uploads\/2026\/01\/albo-marti.jpg\" alt=\"\" width=\"986\" height=\"608\" srcset=\"https:\/\/santamariadegimenells.info\/wp-content\/uploads\/2026\/01\/albo-marti.jpg 717w, https:\/\/santamariadegimenells.info\/wp-content\/uploads\/2026\/01\/albo-marti-300x185.jpg 300w\" sizes=\"auto, (max-width: 986px) 100vw, 986px\" \/>L\u2019<span style=\"font-family: 'times new roman', times, serif; font-size: 14pt;\">or\u00edgen del projecte social (1929\u20131936)<\/span><\/em><\/strong><\/p>\n<p><span style=\"font-family: 'times new roman', times, serif; font-size: 14pt;\"><strong>Ramon Alb\u00f3<\/strong> no va dubtar en crear <strong>L&#8217;OBRA TUTELAR AGR\u00c0RIA<\/strong> per possibilitar la realitzaci\u00f3 dels seus fins, amb la donaci\u00f3 d&#8217;una finca de la seva propietat i adquirint, poc despr\u00e9s una altra finca de gran extensi\u00f3 a Lleida que va ser sufragada amb fons propis i altres provinents del patrimoni de la seva esposa <strong>Maria Ferrer Bertran,<\/strong> la seva constant i lleial col\u00b7laboradora, que com que no va tenir fills del seu matrimoni, va abocar tot el seu amor maternal en els menors acollits. per <strong>l&#8217;OBRA TUTELAR AGR\u00c0RIA. <\/strong><\/span><\/p>\n<p><span style=\"font-family: 'times new roman', times, serif; font-size: 14pt;\">Llu\u00eds Desvalls, marqu\u00e8s d&#8217;Alfarr\u00e0s, l\u2019any 1928, vengu\u00e9 una bona part del terme (encara de la seva propietat) a <a href=\"https:\/\/ca.wikipedia.org\/wiki\/Ramon_Alb%C3%B3_i_Mart%C3%AD\">Ramon Alb\u00f3 i Mart\u00ed<\/a> (15,3 km2), que pass\u00e0 a formar part de l&#8217; <a href=\"https:\/\/www.obratutelaragraria.org\/web\/\">Obra Tutelar Agr\u00e0ria<\/a>, instituci\u00f3 privada ben\u00e8fica.<\/span><\/p>\n<p><span style=\"font-family: 'times new roman', times, serif; font-size: 14pt;\">Ramon Alb\u00f3, era, llavors, jutge de menors de Barcelona, president de la \u201c<em>Union Nacional de Tribunales Tutelares\u201d<\/em>, membre del \u201c<em>Consejo Superior de Protecci\u00f3n de Menores<\/em>\u201d com tamb\u00e9 cofundador de l&#8217;Obra Tutelar Agraria.<\/span><\/p>\n<p><span style=\"font-family: 'times new roman', times, serif; font-size: 14pt;\">L&#8217;objecte de l&#8217;o\u00adperaci\u00f3 era crear una nova col\u00f2nia on instruir com a agricultors el major nombre possible de joves sense llar, fent possible que algun dia accedissin a la propietat d\u2019alguna parcel.la. Preocu\u00adpar-se d&#8217;aquests nois era una obra, no sols de just\u00edcia i de caritat, sin\u00f3 tamb\u00e9 del <em>&#8220;<\/em> <em>benestar i riquesa social, ja que la bona i especialitzada educaci\u00f3 i formaci\u00f3 dels mateixos, fa convertir en activitats i valors socials econ\u00f2mics, forces i elements francament antisocials<\/em>&#8220;.<\/span><\/p>\n<p><span style=\"font-family: 'times new roman', times, serif; font-size: 14pt;\">El 28 de desembre del 1929, l&#8217;Obra comprava la finca Gimenells situada a Vilanova d&#8217;Alpicat (Lleida), per\u00f2 no es va posar en marxa fins al final de la Guerra Civil. La Junta i el Tribunal es fan c\u00e0rrec de la seva administraci\u00f3 fins al 1951, moment en qu\u00e8 nom\u00e9s es faran c\u00e0rrec de les estades dels nens.<\/span><\/p>\n<p><span style=\"font-family: 'times new roman', times, serif; font-size: 14pt;\">Inscrita com Associaci\u00f3 en el Govern Civil de Barcelona i dedicada a recollir, sostenir i emparar a menors d&#8217;ambd\u00f3s sexes procurant-los un r\u00e8gim familiar en el camp, amb ensenyament professional propi per a les llars rurals, va ser declarada com a Obra de Benefic\u00e8ncia particular mixta per la Reial Ordre del 3 d&#8217;abril de 1.929.<\/span><\/p>\n<p><span style=\"font-family: 'times new roman', times, serif; font-size: 14pt;\">Al Primer Article dels Estatuts de <strong>l\u2019Obra Tutelar Agr\u00e0ria<\/strong>, que es van presentar al Govern Civil de la prov\u00edncia de Barcelona l\u2019any 1.928 i diu : \u201c<em>A l&#8217;empara de la llei de 30 de juny de 1887 es constitueix a Barcelona una Associaci\u00f3 Ben\u00e8fica de car\u00e0cter particular, anomenada Obra Tutelar Agr\u00e0ria, que, inspirada en l&#8217;amor als nens, segons els ensenyaments de Jes\u00fas, i en ideals patri\u00f2tics, tindr\u00e0 per objecte emparar, albergar i protegir menors pobres<\/em>\u201d\u00a0<\/span><\/p>\n<p><span style=\"font-family: 'times new roman', times, serif; font-size: 14pt;\">Aquesta \u00e9s la Col\u00f2nia agr\u00edcola m\u00e9s important i que al llarg del temps va acabar convertint-se en un poble, <strong>Santa Maria de Gimenells<\/strong><\/span><\/p>\n<p><span style=\"font-family: 'times new roman', times, serif; font-size: 14pt;\">Aix\u00ed la Col\u00f2nia Agr\u00edcola de Santa Maria de Gimenells va seguir les vicissituds pr\u00f2pies dels temps i en la d\u00e8cada dels anys cinquanta, acoll\u00ed menors, als que se&#8217;ls hi donava l&#8217;ensenyament corresponent a la seva edat, al mateix temps que es tenia cura de la seva educaci\u00f3 amb la creaci\u00f3 d&#8217;h\u00e0bits de treball i de la seva formaci\u00f3 religiosa.<\/span><\/p>\n<p><span style=\"font-family: 'times new roman', times, serif; font-size: 14pt;\">Morts els esposos Alb\u00f3 \u2013 Ferrer, ambd\u00f3s vertaders fundadors <strong>d&#8217;OBRA TUTELAR AGR\u00c0RIA<\/strong>, en data 9 de novembre de 1.967, pr\u00e8vies les autoritzacions pertinents, es va procedir al solemne trasllat de les restes d&#8217;ambd\u00f3s esposos a l&#8217;esgl\u00e9sia de la Col\u00f2nia Agr\u00edcola de Santa Maria del Vall\u00e8s, en el creuer de la qual descansen sota una llosa de marbre amb la seg\u00fcent inscripci\u00f3:<\/span><\/p>\n<p style=\"text-align: center;\"><span style=\"font-family: 'times new roman', times, serif; font-size: 14pt;\"><strong>JUSTA DILECTOS NOSTROS<br \/>\nIN CHRISTO DOMINO<br \/>\nRESURRECTIONEM EXPECTAMUS<\/strong><\/span><\/p>\n<p><a href=\"#_ftnref1\" name=\"_ftn1\"><\/a><\/p>\n","protected":false},"excerpt":{"rendered":"<p>&#46;&#46;&#46;<\/p>\n","protected":false},"author":1,"featured_media":0,"comment_status":"closed","ping_status":"closed","sticky":false,"template":"","format":"standard","meta":{"footnotes":""},"categories":[9],"tags":[],"class_list":["post-2008","post","type-post","status-publish","format-standard","hentry","category-historia"],"_links":{"self":[{"href":"https:\/\/santamariadegimenells.info\/index.php\/wp-json\/wp\/v2\/posts\/2008","targetHints":{"allow":["GET"]}}],"collection":[{"href":"https:\/\/santamariadegimenells.info\/index.php\/wp-json\/wp\/v2\/posts"}],"about":[{"href":"https:\/\/santamariadegimenells.info\/index.php\/wp-json\/wp\/v2\/types\/post"}],"author":[{"embeddable":true,"href":"https:\/\/santamariadegimenells.info\/index.php\/wp-json\/wp\/v2\/users\/1"}],"replies":[{"embeddable":true,"href":"https:\/\/santamariadegimenells.info\/index.php\/wp-json\/wp\/v2\/comments?post=2008"}],"version-history":[{"count":6,"href":"https:\/\/santamariadegimenells.info\/index.php\/wp-json\/wp\/v2\/posts\/2008\/revisions"}],"predecessor-version":[{"id":2014,"href":"https:\/\/santamariadegimenells.info\/index.php\/wp-json\/wp\/v2\/posts\/2008\/revisions\/2014"}],"wp:attachment":[{"href":"https:\/\/santamariadegimenells.info\/index.php\/wp-json\/wp\/v2\/media?parent=2008"}],"wp:term":[{"taxonomy":"category","embeddable":true,"href":"https:\/\/santamariadegimenells.info\/index.php\/wp-json\/wp\/v2\/categories?post=2008"},{"taxonomy":"post_tag","embeddable":true,"href":"https:\/\/santamariadegimenells.info\/index.php\/wp-json\/wp\/v2\/tags?post=2008"}],"curies":[{"name":"wp","href":"https:\/\/api.w.org\/{rel}","templated":true}]}}