{"id":2006,"date":"2026-01-17T10:35:31","date_gmt":"2026-01-17T10:35:31","guid":{"rendered":"https:\/\/santamariadegimenells.info\/?p=2006"},"modified":"2026-01-17T10:55:01","modified_gmt":"2026-01-17T10:55:01","slug":"estatuts-originals","status":"publish","type":"post","link":"https:\/\/santamariadegimenells.info\/index.php\/2026\/01\/17\/estatuts-originals\/","title":{"rendered":"Estatuts originals"},"content":{"rendered":"<p style=\"text-align: justify;\"><span style=\"font-family: 'times new roman', times, serif; font-size: 14pt;\">Els Estatuts de l\u2019Obra Tutelar Agr\u00e0ria es presentaren davant del Govern Civil de Barcelona el 1928.<\/span><\/p>\n<p style=\"text-align: justify;\"><span style=\"font-family: 'times new roman', times, serif; font-size: 14pt;\">El primer article d\u2019aquests estatuts diu \u201c<em>Al amparo de la ley de 30 de junio de 1887 se constituye en Barcelona una Asociaci\u00f3n Ben\u00e9fica de car\u00e0cter particular, denominada Obra Tutelar Agraria, que, inspirada en el amor a los ninos, seg\u00fan las ense\u00f1anzas de Jes\u00fas, y en ideales patri\u00f3ticos, tendr\u00e1 por objeto, albergar y protegir a menores pobres<\/em>\u201d<\/span><\/p>\n<p style=\"text-align: justify;\"><span style=\"font-family: 'times new roman', times, serif; font-size: 14pt;\">I en el pre\u00e0mbul es desenvolupa aquesta i altres idees contingudes en els propis estatuts, que detallo a continuaci\u00f3 \u201c<em>Merecen de un modo especial las simpaties de la Obra y seran, por tanto, con prefer\u00e8ncia protegides por la misma, aquellos que, seg\u00fcn las Leyes de 16 de enero de 1904 y 15 de julio de 1925, han de ser respectivamente amparados por las Juntas de Protecci\u00f3n a la Infancia y del Tribunal Tutelar de Barcelona, y poder ofrecer despues los Servicios de la misma a otras Juntas i Tribunales similares por medio de las Instituciones que constituiran su \u00e0trimonio social&#8230;..\u201d<\/em><\/span><\/p>\n<p style=\"text-align: justify;\"><span style=\"font-family: 'times new roman', times, serif; font-size: 14pt;\"><em>\u201c&#8230;. Para realitzar su ben\u00e9fica finaliddad en favor de sus tutelados, dedicar\u00e0 a \u00e9stos de un modo especial a la Agricultura e industrias derivades o a la misma indispensables;facilit\u00e1ndoles, al efecto, albergue y colocaci\u00f3n en el campo y, sin descuidar su integral protecci\u00f3n y su educaci\u00f3n e instrucci\u00f3n general, ense\u00f1anza agr\u00edcola, te\u00f2rica y pr\u00e0ctica&#8230;&#8230;\u201d<\/em><\/span><\/p>\n<p style=\"text-align: justify;\"><span style=\"font-family: 'times new roman', times, serif; font-size: 14pt;\"><em>\u201c&#8230;&#8230; Cuando por la edad y aptitud corresponda ya salir de las intituciones agr\u00edcoles sostenidas por la Obra a los tutelados que tanga \u00e9sta, para no malograr lo hecho en su favor y retenerlos en &#8211; la hermana, nuestra madre t\u00ederra, que nos sustenta y gobierna \u2013 como decia San Francisco de As\u00eds, y tan necessitada se halla de brazos que cultiven con intel\u00b7lig\u00e8ncia y amor, continuar\u00e0 preocup\u00e1ndose de ellos moral y materialment y as\u00ed, en las col\u00b7locacions de car\u00e0cter agr\u00edcola, que buscar\u00e0 para los chicos despues de cumplido el Servicio militar, ya de capataces, ya de simples, per\u00f2 expertos y siempre solicitados mozos de labranza &#8230;.\u201d<\/em><\/span><\/p>\n<p style=\"text-align: justify;\"><span style=\"font-family: 'times new roman', times, serif; font-size: 14pt;\">Actualment, el primer i el segon articles dels estatuts de l\u2019Obra Tutelar Agr\u00e0ria diuen el seg\u00fcent :<\/span><\/p>\n<p style=\"text-align: justify;\"><span style=\"font-family: 'times new roman', times, serif; font-size: 14pt;\">\u201c<em>ARTICLE 1.- La FUNDACI\u00d3 PRIVADA OBRA TUTELAR AGR\u00c0RIA, constitu\u00efda amb la denominaci\u00f3 OBRA TUTELAR AGR\u00c0RIA en data 26 d\u2019octubre de 1928 i declarada Obra Benefica Particular Mixta per Ordre de 3 d\u2019abril de 1929 i transformada a la forma jur\u00eddica de fundaci\u00f3 amb la seva actual denominaci\u00f3 el 18 de desembre de 1996, est\u00e0 subjecte a la legislaci\u00f3 pr\u00f2pia de les fundacions de la Generalitat de Catalunya, es regeix pels presents Estatuts i per les disposicions legals que li siguin d\u2019aplicaci\u00f3. Des de la seva creaci\u00f3, la Fundaci\u00f3 ha tingut com actius principals les seves col\u00f2nies agr\u00e0ries, l\u2019espai natural destinat a fer possible el compliment del seu objecte. <\/em><\/span><\/p>\n<p style=\"text-align: justify;\"><span style=\"font-family: 'times new roman', times, serif; font-size: 14pt;\"><em>ARTICLE 2.- FINALITATS i ACTIVITATS FUNDACIONALS <\/em><\/span><\/p>\n<p style=\"text-align: justify;\"><span style=\"font-family: 'times new roman', times, serif; font-size: 14pt;\"><em>1.- Els objectius de la Fundaci\u00f3 s\u00f3n els seg\u00fcents: <\/em><\/span><\/p>\n<ol style=\"text-align: justify;\">\n<li><span style=\"font-family: 'times new roman', times, serif; font-size: 14pt;\"><em>a) L\u2019 objecte principal de la Fundaci\u00f3 \u00e9s ajudar i protegir a menors abandonats i persones necessitades de tutela social, amb risc important d\u2019exclusi\u00f3 social, mitjan\u00e7ant la concessi\u00f3, entre altres, d\u2019 ajudes i beques, la creaci\u00f3 d\u2019escoles, granges i explotacions, aix\u00ed com la participaci\u00f3 en les activitats agr\u00edcoles de la Fundaci\u00f3, sent la seva activitat fundacional, educativa i d\u2019integraci\u00f3 social i laboral, que podr\u00e0 promoure i desenvolupar per si mateixa o b\u00e9 conjuntament amb altres entitats, organismes o empreses, p\u00fabliques i\/o privades. L\u2019acolliment es far\u00e0, si \u00e9s possible, en grups o unitats de conviv\u00e8ncia, situats a alguna de les Col\u00f2nies Agr\u00edcoles de la Fundaci\u00f3, on s\u2019atendr\u00e0 a la seva educaci\u00f3 i instrucci\u00f3 general i es procurar\u00e0 facilitar ensenyament agr\u00edcola te\u00f2ric i pr\u00e0ctic, amb finalitat terap\u00e8utica, pedag\u00f2gica i d\u2019inserci\u00f3 laboral. <\/em><\/span><\/li>\n<li><span style=\"font-family: 'times new roman', times, serif; font-size: 14pt;\"><em>b) Oferir un habitatge temporal al col\u00b7lectiu de persones tutelades, tenint cura de la seva atenci\u00f3 integral, des dels aspectes relacionals i d\u2019integraci\u00f3 en la comunitat, h\u00e0bits i oci, fins als higi\u00e8nic sanitaris. <\/em><\/span><\/li>\n<li><span style=\"font-family: 'times new roman', times, serif; font-size: 14pt;\"><em>c) Gestionar i desenvolupar els serveis assistencials que permetin atendre de manera global les necessitats psicosocials de les persones acollides o tutelades. P\u00e1g 2 de 13 <\/em><\/span><\/li>\n<li><span style=\"font-family: 'times new roman', times, serif; font-size: 14pt;\"><em>d) La fundaci\u00f3 podr\u00e0 contractar o promoure la primera contractaci\u00f3 temporal dels tutelats i ex tutelats, amb atenci\u00f3 particular a les persones amb discapacitat o pertanyents a minories \u00e8tniques, hagin o no estat tutelades, en les explotacions agr\u00e0ries que formen part del patrimoni fundacional amb l\u2019objectiu d\u2019assolir la seva integraci\u00f3 laboral i social plena. Aquesta primera contractaci\u00f3 t\u00e9 com a objectiu principal la transici\u00f3 al mon del treball i es podr\u00e0 realitzar o no en combinaci\u00f3 amb f\u00f3rmules educatives. <\/em><\/span><\/li>\n<li><span style=\"font-family: 'times new roman', times, serif; font-size: 14pt;\"><em>e) Tamb\u00e9 amb finalitat d\u2019integraci\u00f3 laboral i social, la Fundaci\u00f3 podr\u00e0 oferir un habitatge per les persones que mantinguin una relaci\u00f3 laboral amb la mateixa. Aquesta possibilitat es pot estendre a altres sup\u00f2sits.<\/em><\/span><\/li>\n<\/ol>\n<p style=\"text-align: justify;\"><span style=\"font-family: 'times new roman', times, serif; font-size: 14pt;\">Els primers dirigents de la Fundaci\u00f3 Obra Tutelar Agr\u00e0ria foren:<\/span><\/p>\n<p style=\"text-align: justify;\"><span style=\"font-family: 'times new roman', times, serif; font-size: 14pt;\">President d\u2019Honor : Tinent General de l\u2019Exercit <a href=\"https:\/\/es.wikipedia.org\/wiki\/Joaqu%C3%ADn_Milans_del_Bosch\">D. Joaquin Milans del Bosch.<\/a><\/span><\/p>\n<p style=\"text-align: justify;\"><span style=\"font-family: 'times new roman', times, serif; font-size: 14pt;\">Patrons :<\/span><\/p>\n<p style=\"text-align: justify;\"><span style=\"font-family: 'times new roman', times, serif; font-size: 14pt;\">&#8211; <a href=\"https:\/\/ca.wikipedia.org\/wiki\/Arcadi_d%27Arquer_i_Vives_de_Balaguer\">Arcadio de Arquer i Vives de Balaguer<\/a> (arist\u00f2crata, pol\u00edtic, empresari i financer)<\/span><\/p>\n<p style=\"text-align: justify;\"><span style=\"font-family: 'times new roman', times, serif; font-size: 14pt;\">&#8211; <a href=\"https:\/\/ca.wikipedia.org\/wiki\/Josep_Monegal_i_Nogu%C3%A9s\">Jos\u00e9 Monegal y Nogu\u00e9s<\/a> (Empresari i Politic)<\/span><\/p>\n<p style=\"text-align: justify;\"><span style=\"font-family: 'times new roman', times, serif; font-size: 14pt;\">&#8211; <a href=\"https:\/\/www.man.es\/man\/dam\/jcr:42773120-368b-4485-827b-6efbf8404f5e\/11-biografia-dalmases.pdf\">Luis de Dalmases y de Olivart<\/a> (Terratinent)<\/span><\/p>\n<p style=\"text-align: justify;\"><span style=\"font-family: 'times new roman', times, serif; font-size: 14pt;\">&#8211; Leocadio de Olabrria (Arquitecte)<\/span><\/p>\n<p>&#8211; <a href=\"https:\/\/ca.wikipedia.org\/wiki\/Enric_Sagnier_i_Villavecchia\">Enrique Sagnier Vilavecchia<\/a> (Arquitecte)<\/p>\n<p>&#8211; Jaime Trabal y Martorell (Advocat)<\/p>\n<p>&#8211; Representant del Sr. Bisbe de Barcelona<\/p>\n<p>&#8211; Representant de l\u2019Her\u00e8ncia Benessat<\/p>\n","protected":false},"excerpt":{"rendered":"<p>&#46;&#46;&#46;<\/p>\n","protected":false},"author":1,"featured_media":0,"comment_status":"closed","ping_status":"closed","sticky":false,"template":"","format":"standard","meta":{"footnotes":""},"categories":[9],"tags":[],"class_list":["post-2006","post","type-post","status-publish","format-standard","hentry","category-historia"],"_links":{"self":[{"href":"https:\/\/santamariadegimenells.info\/index.php\/wp-json\/wp\/v2\/posts\/2006","targetHints":{"allow":["GET"]}}],"collection":[{"href":"https:\/\/santamariadegimenells.info\/index.php\/wp-json\/wp\/v2\/posts"}],"about":[{"href":"https:\/\/santamariadegimenells.info\/index.php\/wp-json\/wp\/v2\/types\/post"}],"author":[{"embeddable":true,"href":"https:\/\/santamariadegimenells.info\/index.php\/wp-json\/wp\/v2\/users\/1"}],"replies":[{"embeddable":true,"href":"https:\/\/santamariadegimenells.info\/index.php\/wp-json\/wp\/v2\/comments?post=2006"}],"version-history":[{"count":1,"href":"https:\/\/santamariadegimenells.info\/index.php\/wp-json\/wp\/v2\/posts\/2006\/revisions"}],"predecessor-version":[{"id":2007,"href":"https:\/\/santamariadegimenells.info\/index.php\/wp-json\/wp\/v2\/posts\/2006\/revisions\/2007"}],"wp:attachment":[{"href":"https:\/\/santamariadegimenells.info\/index.php\/wp-json\/wp\/v2\/media?parent=2006"}],"wp:term":[{"taxonomy":"category","embeddable":true,"href":"https:\/\/santamariadegimenells.info\/index.php\/wp-json\/wp\/v2\/categories?post=2006"},{"taxonomy":"post_tag","embeddable":true,"href":"https:\/\/santamariadegimenells.info\/index.php\/wp-json\/wp\/v2\/tags?post=2006"}],"curies":[{"name":"wp","href":"https:\/\/api.w.org\/{rel}","templated":true}]}}