{"id":2004,"date":"2026-01-17T10:31:38","date_gmt":"2026-01-17T10:31:38","guid":{"rendered":"https:\/\/santamariadegimenells.info\/?p=2004"},"modified":"2026-01-17T11:14:54","modified_gmt":"2026-01-17T11:14:54","slug":"origens-de-la-colonia","status":"publish","type":"post","link":"https:\/\/santamariadegimenells.info\/index.php\/2026\/01\/17\/origens-de-la-colonia\/","title":{"rendered":"Or\u00edgens de la Col\u00f2nia"},"content":{"rendered":"<p style=\"text-align: center;\"><strong><span style=\"font-family: 'times new roman', times, serif; font-size: 14pt;\">JUNTA PROVINCIAL DE PROTECCI\u00d3 DE MENORS DE BARCELONA<\/span><\/strong><\/p>\n<p style=\"text-align: justify;\"><span style=\"font-family: 'times new roman', times, serif; font-size: 14pt;\">Mem\u00f2ria que presenta la Comissi\u00f3 Permanent al Ple de la Junta Provincial de Protecci\u00f3 de Menors (14 desembre 1945)<\/span><br \/>\n<span style=\"font-family: 'times new roman', times, serif; font-size: 14pt;\">Carpeta &#8220;Acta i Mem\u00f2ries Ple 1946, Ple 1945 i 1947. Fons 334, Caixa 298.<\/span><br \/>\n<span style=\"font-family: 'times new roman', times, serif; font-size: 14pt;\">ANC\u00a0(Mecanografiada)<\/span><\/p>\n<p style=\"text-align: justify;\"><span style=\"font-family: 'times new roman', times, serif; font-size: 14pt;\">Amb la intenci\u00f3 de formar joves perqu\u00e8 la seva sortida professional fos la pagesia i contribuir a repoblar el camp neix en 1928 l&#8217;entitat privada Obra Tutelar Agr\u00e0ria al costat de la Junta i el Tribunal. Ram\u00f3n Alb\u00f3 va ser el fundador de les col\u00f2nies agr\u00edcoles. La Col\u00f2nia Agr\u00edcola Les Torres de Lli\u00e7\u00e0 de Vall, va ser la primera que es va crear per a nois, en 1928. En el mateix lloc, es va crear la Col\u00f2nia de Bellaplana per a noies on practicaven tasques de camp adequades per a la dona: cria de corral i de bestiar gran i elaboraci\u00f3 de confitures, formatges, plantes medicinals.<\/span><br \/>\n<span style=\"font-family: 'times new roman', times, serif; font-size: 14pt;\">Els dos centres van funcionar amb el nom d&#8217;Escoles Agr\u00edcoles de Santa Mar\u00eda del Vall\u00e9s.<\/span><br \/>\n<span style=\"font-family: 'times new roman', times, serif; font-size: 14pt;\">Durant la Rep\u00fablica van ser tancades i es van tornar a restablir en la immediata postguerra. L&#8217;altre centre agr\u00edcola important de l&#8217;Obra \u00e9s la finca de <strong>Santa Maria de Gimenells.<\/strong> El 28 de desembre de 1929, l&#8217;Obra comprava la finca Gimenells situada a Vilanova d&#8217;Alpicat (Lleida), per\u00f2 no es va posar en marxa fins al final de la Guerra Civil. La Junta i el Tribunal es fan c\u00e0rrec de la seva administraci\u00f3 fins a 1951 moment en qu\u00e8 nom\u00e9s es faran c\u00e0rrec de les estades dels nens. Aquesta \u00e9s la Col\u00f2nia agr\u00edcola m\u00e9s important i al llarg del temps va acabar per convertir-se en un poble, Santa Maria de Gimenells.<\/span><\/p>\n<p style=\"text-align: justify;\"><span style=\"font-family: 'times new roman', times, serif; font-size: 14pt;\">El Sr. Ramon Alb\u00f3 Mart\u00ed, Jutge i President del Jutjat del Tribunal de Menors de Barcelona, per tal de consolidar l\u2019Obra Social envers el menors desafavorits per la societat i amb la finalitat d\u2019integrar-los a la mateixa, un cop creada l\u2019Obra Tutelar Agr\u00e0ria, va comprar, amb els seus diners la Finca Gimenells, propietat de la fam\u00edlia Desvalls.<\/span><\/p>\n<p style=\"text-align: justify;\"><span style=\"font-family: 'times new roman', times, serif; font-size: 14pt;\">Ramon Alb\u00f3 explicita i diu que \u201c<em>Mitjan\u00e7ant la mateixa i, posada sempre la seva confian\u00e7a en D\u00e9u, van pensar anar despr\u00e9s a l&#8217;adquisici\u00f3 de finques r\u00fastiques adequades per a dur a terme aquestes il.lusions\u201d<\/em><\/span><\/p>\n<p style=\"text-align: justify;\"><span style=\"font-family: 'times new roman', times, serif; font-size: 14pt;\">La compra de la finca de Santa Maria de Gimenells, la descriu Ramon Alb\u00f3 \u201c<em>&#8230;.. Es va pensar en la conveni\u00e8ncia de comprar una de les m\u00e9s importants finques de la prov\u00edncia de Lleida que, per la seva gran extensi\u00f3, preu barat de la terra i de l&#8217;aigua i la seva possible transformaci\u00f3 en perfecte cultiu, es prest\u00e9s per a la realitzaci\u00f3 de tals prop\u00f2sits. Per escriptura p\u00fablica autoritzada pel notari que va anar de la Ciutat de Barcelona D. Melchor Canal, el 28 de desembre de 1929, Obra Tutelar Agr\u00e0ria, va adquirir la finca, que \u00e9s actualment la de major extensi\u00f3 de Catalunya, \u00e9s a dir, la titulada \u201cGimenells\u201d, del terme de Vilanova de Alpicat, a uns vint quil\u00f2metres de Lleida i regada pel canal d&#8217;Arag\u00f3 i Catalunya. \u00c9s plana i gaireb\u00e9 tota de regadiu i, com va dir una personalitat de Lleida \u2013 \u00e9s un veritable mar de terra -&#8230;..\u201d<\/em><\/span><\/p>\n","protected":false},"excerpt":{"rendered":"<p>&#46;&#46;&#46;<\/p>\n","protected":false},"author":1,"featured_media":0,"comment_status":"closed","ping_status":"closed","sticky":false,"template":"","format":"standard","meta":{"footnotes":""},"categories":[9],"tags":[],"class_list":["post-2004","post","type-post","status-publish","format-standard","hentry","category-historia"],"_links":{"self":[{"href":"https:\/\/santamariadegimenells.info\/index.php\/wp-json\/wp\/v2\/posts\/2004","targetHints":{"allow":["GET"]}}],"collection":[{"href":"https:\/\/santamariadegimenells.info\/index.php\/wp-json\/wp\/v2\/posts"}],"about":[{"href":"https:\/\/santamariadegimenells.info\/index.php\/wp-json\/wp\/v2\/types\/post"}],"author":[{"embeddable":true,"href":"https:\/\/santamariadegimenells.info\/index.php\/wp-json\/wp\/v2\/users\/1"}],"replies":[{"embeddable":true,"href":"https:\/\/santamariadegimenells.info\/index.php\/wp-json\/wp\/v2\/comments?post=2004"}],"version-history":[{"count":5,"href":"https:\/\/santamariadegimenells.info\/index.php\/wp-json\/wp\/v2\/posts\/2004\/revisions"}],"predecessor-version":[{"id":2204,"href":"https:\/\/santamariadegimenells.info\/index.php\/wp-json\/wp\/v2\/posts\/2004\/revisions\/2204"}],"wp:attachment":[{"href":"https:\/\/santamariadegimenells.info\/index.php\/wp-json\/wp\/v2\/media?parent=2004"}],"wp:term":[{"taxonomy":"category","embeddable":true,"href":"https:\/\/santamariadegimenells.info\/index.php\/wp-json\/wp\/v2\/categories?post=2004"},{"taxonomy":"post_tag","embeddable":true,"href":"https:\/\/santamariadegimenells.info\/index.php\/wp-json\/wp\/v2\/tags?post=2004"}],"curies":[{"name":"wp","href":"https:\/\/api.w.org\/{rel}","templated":true}]}}