{"id":1939,"date":"2026-01-17T10:29:17","date_gmt":"2026-01-17T10:29:17","guid":{"rendered":"https:\/\/santamariadegimenells.info\/?p=1939"},"modified":"2026-01-17T11:15:14","modified_gmt":"2026-01-17T11:15:14","slug":"fonament-i-filosofia-de-lobra-tutelar-agraria-o-t-a","status":"publish","type":"post","link":"https:\/\/santamariadegimenells.info\/index.php\/2026\/01\/17\/fonament-i-filosofia-de-lobra-tutelar-agraria-o-t-a\/","title":{"rendered":"Fonament i filosofia de l\u2019Obra Tutelar Agr\u00e0ria (O.T.A.)"},"content":{"rendered":"<p style=\"text-align: justify;\"><span style=\"font-size: 14pt; font-family: 'times new roman', times, serif;\">En els llibres escrits pel Sr. Ramon Alb\u00f3 Mart\u00ed, es descriuen els fonaments i la filosofia que havien de regir en l\u2019Obra Tutelar que va fundar durant el seu exercici com a jutge del Tribunal de Menors de Barcelona i que va aconseguir desenvolupar gracies a la seva lluita incasable en favor dels menors desemparats, ficant el seu patrimoni i el de la seva esposa la Sra. Maria Ferrer Bertr\u00e1n, a disposici\u00f3 d\u2019aquesta magn\u00edfica obra de redempci\u00f3 de menors.<\/span><\/p>\n<p style=\"text-align: justify;\"><span style=\"font-size: 14pt; font-family: 'times new roman', times, serif;\">Seguin el relat del Sr. Ramon Alb\u00f3 : <em>\u00c9s molt possible que a Europa no hi hagi una altra instituci\u00f3 de benefic\u00e8ncia o de protecci\u00f3 de menors que compti, per a executar aquesta obra protectora, amb finques de tal volum i import\u00e0ncia que obeeixin a un pla complet d&#8217;actuaci\u00f3 agr\u00e0ria com les nostres<\/em>.<\/span><\/p>\n<p style=\"text-align: justify;\"><span style=\"font-size: 14pt; font-family: 'times new roman', times, serif;\"><em>En efecte: una d&#8217;elles, la titulada &#8220;Bellaplana&#8221;, \u00e9s per a menors de 14 anys i l&#8217;Escola que en ella funciona la podem catalogar d&#8217;iniciaci\u00f3 agr\u00edcola. Una altra, la de les Torres, \u00e9s per a nois en edat laboral d&#8217;aquesta ciutat, que ja treballen la terra, i \u00e9s, per tant, de formaci\u00f3 dels mateixos. Aquestes dues constitueixen les Col\u00f2nies Agr\u00edcoles de Santa Maria del Vall\u00e8s. I, finalment, la de Lleida, l\u2019anomenada Col\u00f2nia Agr\u00edcola de <strong>Santa Maria de Gimenells,<\/strong> on comencen ja a ser situats definitivament, els menors que, havent estat determinat temps a les Escoles de Santa Maria del Vall\u00e8s i tenint una formaci\u00f3 i preparaci\u00f3 agr\u00edcola, te\u00f2rica i pr\u00e0ctica, han demostrat amor a la terra i desitjos de romandre en ella. A aquests \u00faltims, si perseveren, l&#8217;Obra desitja convertir-los en propietaris. <\/em><\/span><\/p>\n<p style=\"text-align: justify;\"><span style=\"font-size: 14pt; font-family: 'times new roman', times, serif;\"><em>Aquestes tres Col\u00f2nies Agr\u00edcoles s\u00f3n per a nens.<\/em><\/span><\/p>\n<p style=\"text-align: justify;\"><span style=\"font-size: 14pt; font-family: 'times new roman', times, serif;\"><em>Faltava,<\/em> <em>doncs, una per a nenes, i aquesta \u00e9s la que funciona en la finca de Palau-solit\u00e0 i Plegamans.<\/em><\/span><\/p>\n<p style=\"text-align: justify;\"><span style=\"font-size: 14pt; font-family: 'times new roman', times, serif;\"><em>Als fundadors d&#8217;Obra Tutelar Agr\u00e0ria els era altament suggestiu pensar que podien, amb el temps, facilitar a molts menors pobres un tros de terra, un hort que &#8220;els proporcion\u00e9s un suplement de benestar, dels llegums i de les flors del qual es desprendria, com a element subtil, una rica collita de pensaments sans, capa\u00e7os d&#8217;elevar <\/em><em>el nivell moral de la seva vida i d&#8217;allunyar-los dels perills grollers<\/em>&#8220;.<\/span><\/p>\n<p style=\"text-align: justify;\"><span style=\"font-size: 14pt; font-family: 'times new roman', times, serif;\"><em>Quan D\u00e9u amb la seva omnipot\u00e8ncia, diu Bacon, va voler fer feli\u00e7 a la seva privilegiada criatura, va comen\u00e7ar per plantar un hort; per aix\u00f2, l&#8217;hort \u00e9s el m\u00e9s delicat dels plaers de l&#8217;home. &#8220;Un tros de terra, diu Le Play, proporciona a la fam\u00edlia llegums i fruits, la cria d&#8217;ovelles i d&#8217;ocells, d&#8217;un porc i d&#8217;una vaca; facilita a la dona i als fills ocupaci\u00f3 remuneradora, i \u00e9s per a l&#8217;obrer un aprenentatge de propietat<\/em>.<em>&#8221; Que tamb\u00e9 la condici\u00f3 de propietari reclama un aprenentatge, \u00e9s a dir, una capacitat.<\/em><\/span><\/p>\n<p style=\"text-align: justify;\"><span style=\"font-size: 14pt; font-family: 'times new roman', times, serif;\">El <em>Fuero del Trabajo<\/em> va ser una de les vuit <a href=\"https:\/\/ca.wikipedia.org\/wiki\/Lleis_Fonamentals\"><em>Lleis Fonamentals<\/em><\/a><em> del <\/em><a href=\"https:\/\/ca.wikipedia.org\/wiki\/Franquisme\"><em>franquisme<\/em><\/a>, promulgada el 24 d&#8217;abril de 1938 on es reconeixia i emparava i, alhora, es consagraven aquests principis: \u201c<em>l&#8217;Estat aspira al fet que l&#8217;obrer agr\u00edcola arribi a ser propietari i assumeixi la tasca de multiplicar el nombre de propietaris, la llar familiar i el petit patrimoni agr\u00edcola, i el declarava inembargable\u201d<\/em>. Aquest principi era taxatiu: &#8220;<em>\u00e9s promour\u00e0 a dotar a cada fam\u00edlia pagesa d&#8217;una petita parcel\u00b7la, l&#8217;hort familiar&#8221;<\/em>.<\/span><\/p>\n<p style=\"text-align: justify;\"><span style=\"font-size: 14pt; font-family: 'times new roman', times, serif;\">Quins car\u00e0cters jur\u00eddics conv\u00e9 que reuneixin tals patrimonis?<\/span><\/p>\n<p style=\"text-align: justify;\"><span style=\"font-size: 14pt; font-family: 'times new roman', times, serif;\">En el fullet que va publicar O.T.A., deia que es formarien petits patrimonis familiars, garantia d&#8217;estabilitat i fecunditat de la fam\u00edlia, respectats pels impostos, singularment pel de transmissi\u00f3, suficients per al manteniment i ocupaci\u00f3 d&#8217;una fam\u00edlia, indivisibles, inalienables &#8211; excepte especial llic\u00e8ncia de l&#8217;Obra i amb dret de retracte a favor d&#8217;aquesta -, inalterables, inembargables i no sub-arrendables, amb casa a la mateixa finca, que gaudeixi dels beneficis concedits per la legislaci\u00f3 vigent als habitatges barats. El detall de la casa \u00e9s important, perqu\u00e8 amb ra\u00f3 s&#8217;ha dit que la casa \u00e9s l&#8217;estoig material de la fam\u00edlia.<\/span><\/p>\n<p style=\"text-align: justify;\"><span style=\"font-size: 14pt; font-family: 'times new roman', times, serif;\">Tals car\u00e0cters no s\u00f3n essencials al patrimoni familiar, per\u00f2 s\u00ed que ho<\/span><br \/>\n<span style=\"font-size: 14pt; font-family: 'times new roman', times, serif;\">s\u00f3n per a la seva efic\u00e0cia i perman\u00e8ncia. Si \u00e9s lliure, individual i alienable, s&#8217;ha dit gr\u00e0ficament que \u00e9s com tirar aigua en un cistell. Al cap de pocs anys ja no existeix tal patrimoni. <em>&#8221;&#8217;La propietat del s\u00f2l, com altres tants privilegis, dura poc en mans dels humils.<\/em>&#8220;&#8221; De qu\u00e8 serveix crear una legi\u00f3 de petits propietaris si se&#8217;ls deixa exposats a les temptacions de la usura?<\/span><\/p>\n<p style=\"text-align: justify;\"><span style=\"font-size: 14pt; font-family: 'times new roman', times, serif;\">Les Col\u00f2nies Agr\u00edcoles avui existents es proposen aix\u00f2, emparar-los, instruir-los i educar-los, per a fer-los pagesos, sans de cos i ben formats d&#8217;esperit, cristianament i t\u00e8cnicament.<\/span><\/p>\n<p style=\"text-align: justify;\"><span style=\"font-size: 14pt; font-family: 'times new roman', times, serif;\">En conseq\u00fc\u00e8ncia, es procura als nostres alumnes una formaci\u00f3 cultural que satisfeia les seves \u00e0nsies de saber, i &#8220;<em>la participaci\u00f3 m\u00e9s gran possible al n\u00famero m\u00e9s gran en els beneficis de la civilitzaci\u00f3, que nom\u00e9s per una cultura espiritual creixent pot aconseguir-se<\/em>&#8220;. El professor, el llibre, la r\u00e0dio, el cinema, el laboratori, l&#8217;excursi\u00f3, l&#8217;esport, la comunicaci\u00f3 amb els seus, la diversi\u00f3 honesta, els premis, els concursos, s\u00f3n elements que han d&#8217;estar sempre en joc per a fer-los la vida agradable i plaent en les Col\u00f2nies Agr\u00edcoles.<\/span><\/p>\n<p style=\"text-align: justify;\"><span style=\"font-size: 14pt; font-family: 'times new roman', times, serif;\">Per a divulgar aquesta obra del camp, i sobretot amb el desig de que cap noi que tingu\u00e9s ganes de treballar es qued\u00e9s sense empara, oferint-los el gener\u00f3s lema de &#8220;<em>sempre oberta la porta<\/em>&#8221; i oferint-los aquella <em>&#8220;justa possibilitat de treballar<\/em>&#8220;, va publicar la Junta de Protecci\u00f3 de Menors una gasetilla oferint empara i treball en el camp a tots els menors desemparats que es presentessin. A conseq\u00fc\u00e8ncia d&#8217;ella van acudir a les seves oficines una s\u00e8rie de nois que no sabien com sortir-se\u2019n de la seva mis\u00e8ria i del seu estat d&#8217;aband\u00f3. Van ser admesos tots els que tenien l&#8217;edat reglament\u00e0ria i alguns m\u00e9s que passaven d&#8217;aquesta edat, en atenci\u00f3 a circumst\u00e0ncies especials que els feien mereixedors de protecci\u00f3.<\/span><\/p>\n<p style=\"text-align: justify;\"><span style=\"font-size: 14pt; font-family: 'times new roman', times, serif;\">Aquest comunicat, tamb\u00e9 l\u2019ha dirigit la Junta de l\u2019Obra Tutelar, als capellans rurals de la Di\u00f2cesi de Barcelona, per mitj\u00e0 del Butllet\u00ed Oficial Eclesi\u00e0stic.<\/span><\/p>\n<p style=\"text-align: justify;\"><span style=\"font-size: 14pt; font-family: 'times new roman', times, serif;\">En una mem\u00f2ria que tenim a la vista, de la famosa Col\u00f2nia Agr\u00edcola de Mettray, s&#8217;observa molt encertadament que com m\u00e9s anys tenien els joves que all\u00ed ingressaven, menys afecte demostraven per la Casa. &#8220;<em>Si arriben jovenets, troben en nosaltres una segona fam\u00edlia, m\u00e9s s\u00f2lidament constitu\u00efda i afectuosa que la primera, que els ofereix majors garanties, de manera que si els col\u00b7loquem i per qualsevol circumst\u00e0ncia deixen la col\u00b7locaci\u00f3, tornen sense vacil\u00b7lar a la nostra Col\u00f2nia. Aix\u00f2 no ho fan els m\u00e9s grans<\/em>.&#8221;<\/span><\/p>\n<p style=\"text-align: justify;\"><span style=\"font-size: 14pt; font-family: 'times new roman', times, serif;\">El factor fam\u00edlia tamb\u00e9 \u00e9s important\u00edssim. Si no tenen fam\u00edlia, s\u00f3n sempre preferibles, perqu\u00e8 els que estan encara en edat escolar, s\u00f3n adaptables al camp m\u00e9s d&#8217;un 80 per 100, si no tenen parents pr\u00f2xims que els reclamin. Vull dir-vos que la fam\u00edlia \u00e9s un obstacle, moltes vegades.<\/span><\/p>\n<p style=\"text-align: justify;\"><span style=\"font-size: 14pt; font-family: 'times new roman', times, serif;\">En efecte: hi ha pares que, quan els seus fills no els podien rendir cap utilitat, importunaven a la Junta de Protecci\u00f3 de Menors perqu\u00e8 els accept\u00e9s. Per\u00f2, un cop els veuen crescuts i aptes per al treball, consideren que el treball agr\u00edcola \u00e9s un treball d&#8217;inferior qualitat, un treball de pena, de serf, de embrutidora esclavitud, i llavors el mal que fan als petits els seus pares \u00e9s incalculable.<\/span><\/p>\n<p style=\"text-align: justify;\"><span style=\"font-size: 14pt; font-family: 'times new roman', times, serif;\">En les visites mensuals que fan aquests als nostres tutelats, diuen alguns pares: &#8220;Et traur\u00e9 aviat de aqu\u00ed. Si et portes b\u00e9, demanar\u00e9 a la Junta que ens siguis retornat i et posarem de mec\u00e0nic, per a ser despr\u00e9s xofer o aviador; aix\u00f2 de ser pag\u00e8s, \u00e9s un mal ofici.&#8221;<\/span><\/p>\n<p style=\"text-align: justify;\"><span style=\"font-size: 14pt; font-family: 'times new roman', times, serif;\">I els nostres educadors han de veure sovint com tota la seva pacient labor de mesos sobre l&#8217;animo d&#8217;alguns dels seus educands, \u00e9s desfeta en una hora de visita per l&#8217;est\u00fapida incomprensi\u00f3 dels pares.<\/span><\/p>\n","protected":false},"excerpt":{"rendered":"<p>&#46;&#46;&#46;<\/p>\n","protected":false},"author":1,"featured_media":0,"comment_status":"closed","ping_status":"closed","sticky":false,"template":"","format":"standard","meta":{"footnotes":""},"categories":[9],"tags":[],"class_list":["post-1939","post","type-post","status-publish","format-standard","hentry","category-historia"],"_links":{"self":[{"href":"https:\/\/santamariadegimenells.info\/index.php\/wp-json\/wp\/v2\/posts\/1939","targetHints":{"allow":["GET"]}}],"collection":[{"href":"https:\/\/santamariadegimenells.info\/index.php\/wp-json\/wp\/v2\/posts"}],"about":[{"href":"https:\/\/santamariadegimenells.info\/index.php\/wp-json\/wp\/v2\/types\/post"}],"author":[{"embeddable":true,"href":"https:\/\/santamariadegimenells.info\/index.php\/wp-json\/wp\/v2\/users\/1"}],"replies":[{"embeddable":true,"href":"https:\/\/santamariadegimenells.info\/index.php\/wp-json\/wp\/v2\/comments?post=1939"}],"version-history":[{"count":1,"href":"https:\/\/santamariadegimenells.info\/index.php\/wp-json\/wp\/v2\/posts\/1939\/revisions"}],"predecessor-version":[{"id":1940,"href":"https:\/\/santamariadegimenells.info\/index.php\/wp-json\/wp\/v2\/posts\/1939\/revisions\/1940"}],"wp:attachment":[{"href":"https:\/\/santamariadegimenells.info\/index.php\/wp-json\/wp\/v2\/media?parent=1939"}],"wp:term":[{"taxonomy":"category","embeddable":true,"href":"https:\/\/santamariadegimenells.info\/index.php\/wp-json\/wp\/v2\/categories?post=1939"},{"taxonomy":"post_tag","embeddable":true,"href":"https:\/\/santamariadegimenells.info\/index.php\/wp-json\/wp\/v2\/tags?post=1939"}],"curies":[{"name":"wp","href":"https:\/\/api.w.org\/{rel}","templated":true}]}}