{"id":1937,"date":"2026-01-17T10:30:05","date_gmt":"2026-01-17T10:30:05","guid":{"rendered":"https:\/\/santamariadegimenells.info\/?p=1937"},"modified":"2026-01-17T11:15:04","modified_gmt":"2026-01-17T11:15:04","slug":"el-perque-de-lobra-tutelar-agraria","status":"publish","type":"post","link":"https:\/\/santamariadegimenells.info\/index.php\/2026\/01\/17\/el-perque-de-lobra-tutelar-agraria\/","title":{"rendered":"El \u201cperqu\u00e8\u201d de l\u2019Obra Tutelar Agr\u00e0ria\u201d"},"content":{"rendered":"<p style=\"text-align: justify;\"><span style=\"font-family: 'times new roman', times, serif; font-size: 14pt;\">Segons escriu D. Ramon Alb\u00f3, en el llibre &#8211; <strong><em>Cuatro Col\u00f3nias Agricolas para Menores moralment abandonados &#8211;<\/em><\/strong>, la creaci\u00f3 de l\u2019Obra Tutelar Agr\u00e0ria es fonamenta en que <em>\u201cA tots ens omple l&#8217;\u00e0nima de tristesa veure molts germans nostres sense Treball, patint els horrors de la mis\u00e8ria. Si es tracta de nens, ens causa encara m\u00e9s pena n&#8217;hi hagi tants que caminen esparracats i rodamons pels carrers de la Ciutat, sense que puguin ser admesos i emparats en cap asil, a causa de trobar-se aquests plens\u201d.<\/em><\/span><\/p>\n<p style=\"text-align: justify;\"><span style=\"font-family: 'times new roman', times, serif; font-size: 14pt;\"><em>\u00a0<\/em><em>\u201cSi a molts d&#8217;aquests nens moralment abandonats que la Junta de Protecci\u00f3 de Menors i el Tribunal Tutelar ja no saben on poder col\u00b7locar, en lloc d&#8217;ingressar-los i amuntegar-los en asils, uniformats i tristos, els port\u00e9ssim al camp, proporcionant-los, amb els atractius de la vida a ple aire i a ple sol, &#8211; la santedat del Treball agrest, i onada gl\u00f2ria del camp div\u00ed \u2013 en r\u00e8gim familiar, cada dia m\u00e9s recomanat i seguit, i els dediqu\u00e9ssim a l&#8217;agricultura \u2013 activitat vital i b\u00e0sica de les nacions \u2013 donant-los, alhora, una cultura agr\u00edcola superior a la que ara tenen les nostres classes agr\u00e0ries, de moment haurien guanyat ells f\u00edsica, mental i moralment, els haur\u00edem assegurat el pa i la salut, i per despr\u00e9s, per quan siguin homes, els haur\u00edem facilitat un noble mitj\u00e0 amb qu\u00e8 guanyar-se la vida.\u201d<\/em><\/span><\/p>\n<p style=\"text-align: justify;\"><span style=\"font-family: 'times new roman', times, serif; font-size: 14pt;\">El Sr. Ramon Alb\u00f3, creient fervor\u00f3s, i cat\u00f2lic conven\u00e7ut, veu com : <em>\u201cel problema de la delinq\u00fc\u00e8ncia ha adquirit la m\u00e0xima import\u00e0ncia, perqu\u00e8 \u00e9s una onada que ha anat creixent en proporci\u00f3 esfere\u00efdora\u201d.<\/em><\/span><\/p>\n<p style=\"text-align: justify;\"><span style=\"font-family: 'times new roman', times, serif; font-size: 14pt;\">Per aquesta ra\u00f3, el Sr. Ramon Alb\u00f3 creu que :<em>\u201cLa inf\u00e0ncia abandonada \u00e9s una altra de les plagues de la civilitzaci\u00f3 contempor\u00e0nia i Font i planter de criminalitat\u201d.<\/em><\/span><\/p>\n<p style=\"text-align: justify;\"><span style=\"font-family: 'times new roman', times, serif; font-size: 14pt;\">Per la qual ens deixa la m\u00e0xima de : <em>\u201cProtegir aquesta inf\u00e0ncia \u00e9s protegir la Societat\u201d.<\/em><\/span><\/p>\n<p style=\"text-align: justify;\"><span style=\"font-family: 'times new roman', times, serif; font-size: 14pt;\">I ens convida a : <em>\u201cPreocupar-se de tals nens, \u00e9s, per tant, una obra de just\u00edcia i de caritat\u201d.<\/em><\/span><\/p>\n<p style=\"text-align: justify;\"><span style=\"font-family: 'times new roman', times, serif; font-size: 14pt;\">Doncs, pensa que : \u201c<em>un dels mitjans m\u00e9s efica\u00e7os i pr\u00e0ctics per emparar i reformar aquests nens que la Societat maleja i perverteix, \u00e9s el camp i el Treball agr\u00edcola, facilitant-los camp, aire i sol, ja que el gaudi d&#8217;aquests elements no ha de ser patrimoni exclusiu de els nens que tinguin posici\u00f3; per tal que milloressin la seva salut, aquesta salut que \u00e9s per al pobre el seu \u00fanic capital, i fins i tot el seu major recurs per guanyar-se la subsist\u00e8ncia, aix\u00ed com per aconseguir l&#8217;equilibri del temperament f\u00edsic, base de l&#8217;equilibri moral, segons aquella coneguda m\u00e0xima &#8211; mens sana in corpore sano -\u201d<\/em><\/span><\/p>\n<p style=\"text-align: justify;\"><span style=\"font-family: 'times new roman', times, serif; font-size: 14pt;\">Ramon Alb\u00f3, apuntala les seves creences en : <em>\u201cpoder emparar i salvar mes nens que, aplicats a l&#8217;Agricultura, creessin al seu torn, nova riquesa que permet\u00e9s emparar els altres\u201d per la qual cosa va decidir actuar de manera efica\u00e7 i amb dilig\u00e8ncia i &#8211; consultar elements prestigiosos del Consell Superior de Protecci\u00f3 a la Inf\u00e0ncia -, van coincidir en la conveni\u00e8ncia de crear una obra mitjan\u00e7ant la qual es pogu\u00e9s donar major increment a tal classe de protecci\u00f3, que a tants desenvolupaments es presta, de manera que compleixi aportar sumar i coordinar esfor\u00e7os i sacrificis per poder oferir despr\u00e9s, davant l&#8217;altar de la P\u00e0tria, una cosa que result\u00e9s digna i beneficiosa per a aquesta\u201d.<\/em><\/span><\/p>\n<p style=\"text-align: justify;\"><span style=\"font-family: 'times new roman', times, serif; font-size: 14pt;\">Basant-se en aquests principis, Ramon Alb\u00f3 aconsegueix conv\u00e8ncer a les persones que conformen aquest Tribunals i Consells i decideixen fundar una instituci\u00f3 a la que van ficar el nom de \u201cOBRA TUTELAR AGR\u00c0RIA\u201d.<\/span><\/p>\n<p style=\"text-align: justify;\"><span style=\"font-family: 'times new roman', times, serif; font-size: 14pt;\"><strong>\u00a0<\/strong><\/span><\/p>\n<p><span style=\"font-family: 'times new roman', times, serif; font-size: 14pt;\"><strong>\u00a0<\/strong><\/span><\/p>\n","protected":false},"excerpt":{"rendered":"<p>&#46;&#46;&#46;<\/p>\n","protected":false},"author":1,"featured_media":0,"comment_status":"closed","ping_status":"closed","sticky":false,"template":"","format":"standard","meta":{"footnotes":""},"categories":[9],"tags":[],"class_list":["post-1937","post","type-post","status-publish","format-standard","hentry","category-historia"],"_links":{"self":[{"href":"https:\/\/santamariadegimenells.info\/index.php\/wp-json\/wp\/v2\/posts\/1937","targetHints":{"allow":["GET"]}}],"collection":[{"href":"https:\/\/santamariadegimenells.info\/index.php\/wp-json\/wp\/v2\/posts"}],"about":[{"href":"https:\/\/santamariadegimenells.info\/index.php\/wp-json\/wp\/v2\/types\/post"}],"author":[{"embeddable":true,"href":"https:\/\/santamariadegimenells.info\/index.php\/wp-json\/wp\/v2\/users\/1"}],"replies":[{"embeddable":true,"href":"https:\/\/santamariadegimenells.info\/index.php\/wp-json\/wp\/v2\/comments?post=1937"}],"version-history":[{"count":2,"href":"https:\/\/santamariadegimenells.info\/index.php\/wp-json\/wp\/v2\/posts\/1937\/revisions"}],"predecessor-version":[{"id":2003,"href":"https:\/\/santamariadegimenells.info\/index.php\/wp-json\/wp\/v2\/posts\/1937\/revisions\/2003"}],"wp:attachment":[{"href":"https:\/\/santamariadegimenells.info\/index.php\/wp-json\/wp\/v2\/media?parent=1937"}],"wp:term":[{"taxonomy":"category","embeddable":true,"href":"https:\/\/santamariadegimenells.info\/index.php\/wp-json\/wp\/v2\/categories?post=1937"},{"taxonomy":"post_tag","embeddable":true,"href":"https:\/\/santamariadegimenells.info\/index.php\/wp-json\/wp\/v2\/tags?post=1937"}],"curies":[{"name":"wp","href":"https:\/\/api.w.org\/{rel}","templated":true}]}}