{"id":1934,"date":"2026-01-10T17:10:19","date_gmt":"2026-01-10T17:10:19","guid":{"rendered":"https:\/\/santamariadegimenells.info\/?p=1934"},"modified":"2026-01-11T10:45:52","modified_gmt":"2026-01-11T10:45:52","slug":"introduccio","status":"publish","type":"post","link":"https:\/\/santamariadegimenells.info\/index.php\/2026\/01\/10\/introduccio\/","title":{"rendered":"INTRODUCCI\u00d3"},"content":{"rendered":"<p style=\"text-align: justify;\"><span style=\"font-family: 'times new roman', times, serif; font-size: 14pt;\">L\u2019Objectiu d\u2019aquest web d\u2019informaci\u00f3 sobre <strong>Santa Maria de Gimenells<\/strong> i l&#8217;obra social que hi ha desenvolupat i encara hi desenvolupa l&#8217;<strong>Obra Tutelar Agr\u00e0ria<\/strong>, no \u00e9s altre que deixar un record hist\u00f2ric de la mateixa per si pot interessar a alguna persona.<\/span><\/p>\n<p><span style=\"font-family: 'times new roman', times, serif; font-size: 14pt;\">Santa Mar\u00eda de Gimenells, \u00e9s un petit nucli a la comarca del Segri\u00e0 que alberga una hist\u00f2ria singular: la de l&#8217;Obra Tutelar Agr\u00e0ria (OTA), creada per a formar a joves rurals a partir de la primera meitat del segle XX i fins l\u2019actualitat.<\/span><\/p>\n<p><span style=\"font-family: 'times new roman', times, serif; font-size: 14pt;\">El projecte educatiu i social de Santa Maria de Gimenells, que combinava l\u2019ensenyament, el treball agr\u00edcola i els valors morals, va aconseguir transformar vides i construir una comunitat, deixant un llegat que encara perdura en l&#8217;actual segle XXI com a Obra Social adaptada als temps actuals.<\/span><\/p>\n<p><span style=\"font-family: 'times new roman', times, serif; font-size: 14pt;\">L&#8217;Obra Tutelar Agr\u00e0ria va ser m\u00e9s que un internat: va ser un espai d&#8217;aprenentatge, treball i conviv\u00e8ncia que va deixar un llegat durador.<\/span><\/p>\n<p><span style=\"font-family: 'times new roman', times, serif; font-size: 14pt;\">Avui, la Col\u00f2nia \u00e9s testimoni de la seva pr\u00f2pia hist\u00f2ria, on passat i present conviuen i on la mem\u00f2ria de la OTA continua viva.<\/span><\/p>\n<p><span style=\"font-size: 18pt;\"><strong><span style=\"font-family: 'times new roman', times, serif;\">RESUM<\/span><\/strong><\/span><\/p>\n<p><span style=\"font-family: 'times new roman', times, serif; font-size: 14pt;\">Santa Maria de Gimenells: g\u00e8nesi i evoluci\u00f3 d\u2019un assentament agroeducatiu al Segri\u00e0 (segles XX\u2013XXI)<\/span><\/p>\n<p style=\"text-align: justify;\"><span style=\"font-family: 'times new roman', times, serif; font-size: 14pt;\">Santa Maria de Gimenells constitueix un cas singular dins el poblament rural catal\u00e0, at\u00e8s que no respon a una evoluci\u00f3 hist\u00f2rica tradicional de base medieval, sin\u00f3 que \u00e9s el resultat d\u2019un projecte agroeducatiu i assistencial concebut durant el primer ter\u00e7 del segle XX.<a href=\"#_ftn1\" name=\"_ftnref1\">[1]<\/a><\/span><\/p>\n<p style=\"text-align: justify;\"><span style=\"font-family: 'times new roman', times, serif; font-size: 14pt;\">Abans de 1929, el territori de Gimenells formava part d\u2019una gran finca agr\u00e0ria d\u2019explotaci\u00f3 extensiva, amb predomini de sec\u00e0 i abs\u00e8ncia de nuclis habitats permanents<a href=\"#_ftn2\" name=\"_ftnref2\">[2]<\/a>. Administrativament, el territori depenia del municipi d\u2019Alpicat, fet que evidencia la inexist\u00e8ncia d\u2019una comunitat local estructurada<a href=\"#_ftn3\" name=\"_ftnref3\">[3]<\/a>.<\/span><\/p>\n<p style=\"text-align: justify;\"><span style=\"font-family: 'times new roman', times, serif; font-size: 14pt;\">L\u2019Obra Tutelar Agr\u00e0ria (OTA) fou fundada a Barcelona el 27 de desembre de 1928 amb l\u2019objectiu de proporcionar tutela, formaci\u00f3 i inserci\u00f3 laboral a joves en situaci\u00f3 de vulnerabilitat social<a href=\"#_ftn4\" name=\"_ftnref4\">[4]<\/a>. El projecte s\u2019inscriu dins els corrents regeneracionistes i de reforma social que, a Catalunya, combinaven assist\u00e8ncia, educaci\u00f3 i treball productiu<a href=\"#_ftn5\" name=\"_ftnref5\">[5]<\/a>.<\/span><\/p>\n<p style=\"text-align: justify;\"><span style=\"font-family: 'times new roman', times, serif; font-size: 14pt;\">El 28 de desembre de 1929, l\u2019OTA adquir\u00ed la finca de Gimenells, amb una extensi\u00f3 aproximada de 5.000 hect\u00e0rees<a href=\"#_ftn6\" name=\"_ftnref6\">[6]<\/a>. A partir d\u2019aquest moment s\u2019inici\u00e0 un proc\u00e9s sistem\u00e0tic de transformaci\u00f3 agr\u00e0ria i de construcci\u00f3 d\u2019infraestructures educatives i residencials. El nucli de Santa Maria de Gimenells neix, aix\u00ed, com una col\u00f2nia agroeducativa planificada, amb una organitzaci\u00f3 funcional pr\u00f2pia<a href=\"#_ftn7\" name=\"_ftnref7\">[7]<\/a>.<\/span><\/p>\n<p style=\"text-align: justify;\"><span style=\"font-family: 'times new roman', times, serif; font-size: 14pt;\">La Guerra Civil Espanyola va interrompre parcialment el desenvolupament del projecte, provocant desorganitzaci\u00f3 institucional i canvis d\u2019\u00fas dels espais<a href=\"#_ftn8\" name=\"_ftnref8\">[8]<\/a>. Durant la postguerra, l\u2019Obra va continuar la seva activitat sota el marc ideol\u00f2gic del r\u00e8gim franquista, fet que alter\u00e0 el car\u00e0cter pedag\u00f2gic inicial del projecte<a href=\"#_ftn9\" name=\"_ftnref9\">[9]<\/a>.<\/span><\/p>\n<p style=\"text-align: justify;\"><span style=\"font-family: 'times new roman', times, serif; font-size: 14pt;\">A partir de la segona meitat del segle XX, el model de col\u00f2nia tutelar entr\u00e0 en decad\u00e8ncia, principalment a causa dels canvis en les pol\u00edtiques socials i educatives i de la mecanitzaci\u00f3 del camp<a href=\"#_ftn10\" name=\"_ftnref10\">[10]<\/a>. Santa Maria de Gimenells evolucion\u00e0 progressivament cap a un nucli residencial de dimensions redu\u00efdes, amb una economia agr\u00edcola convencional\u00b9\u00b9.<\/span><\/p>\n<p style=\"text-align: justify;\"><span style=\"font-family: 'times new roman', times, serif; font-size: 14pt;\">L\u2019any 1991 es constitu\u00ed el municipi de Gimenells i el Pla de la Font, resultat de la segregaci\u00f3 d\u2019Alpicat. Santa Maria de Gimenells qued\u00e0 integrada com un dels seus nuclis, mantenint una identitat hist\u00f2rica diferenciada\u00b9\u00b2.<\/span><\/p>\n<p style=\"text-align: justify;\"><span style=\"font-family: 'times new roman', times, serif; font-size: 14pt;\">Santa Maria de Gimenells representa un exemple paradigm\u00e0tic de poblament contemporani planificat, vinculat a pol\u00edtiques de reforma social i colonitzaci\u00f3 interior. El seu estudi permet ampliar la comprensi\u00f3 del m\u00f3n rural catal\u00e0 del segle XX m\u00e9s enll\u00e0 del model de continu\u00eftat medieval\u00b9\u00b3.<\/span><\/p>\n<p style=\"text-align: justify;\"><span style=\"font-family: 'times new roman', times, serif; font-size: 14pt;\"><strong>\u00a0&#8212;&#8212;&#8212;&#8212;&#8212;&#8212;&#8212;&#8212;&#8212;&#8212;&#8212;&#8212;&#8212;&#8212;&#8212;&#8212;&#8212;&#8212;&#8212;&#8212;&#8212;&#8212;&#8212;&#8212;&#8212;&#8212;&#8212;&#8212;&#8212;&#8212;&#8212;&#8212;&#8212;&#8212;&#8212;&#8212;&#8212;&#8212;&#8212;&#8212;&#8212;&#8212;&#8212;&#8212;&#8212;&#8212;&#8212;&#8212;&#8212;&#8212;&#8212;&#8212;<\/strong><\/span><\/p>\n<p style=\"text-align: justify;\"><span style=\"font-family: 'times new roman', times, serif; font-size: 14pt;\"><a href=\"#_ftnref1\" name=\"_ftn1\">[1]<\/a> Sobre els assentaments planificats contemporanis a Catalunya, vegeu: Garrabou, R. Transformacions agr\u00e0ries i m\u00f3n rural catal\u00e0, Barcelona, 1994.<\/span><\/p>\n<p style=\"text-align: justify;\"><span style=\"font-family: 'times new roman', times, serif; font-size: 14pt;\"><a href=\"#_ftnref2\" name=\"_ftn2\">[2]<\/a> Arxiu Hist\u00f2ric de Lleida, fons r\u00fastics d\u2019Alpicat, finals segle XIX.<\/span><\/p>\n<p style=\"text-align: justify;\"><span style=\"font-family: 'times new roman', times, serif; font-size: 14pt;\"><a href=\"#_ftnref3\" name=\"_ftn3\">[3]<\/a> Institut d\u2019Estad\u00edstica de Catalunya (IDESCAT), dades municipals hist\u00f2riques. Arxiu de l\u2019Obra Tutelar Agr\u00e0ria, acta fundacional, 27\/12\/1928.<\/span><\/p>\n<p style=\"text-align: justify;\"><span style=\"font-family: 'times new roman', times, serif; font-size: 14pt;\"><a href=\"#_ftnref4\" name=\"_ftn4\">[4]<\/a> Termes, J. Anarquismo y regeneracionismo en la Catalu\u00f1a contempor\u00e1nea, Barcelona, 1987.<\/span><\/p>\n<p style=\"text-align: justify;\"><span style=\"font-family: 'times new roman', times, serif; font-size: 14pt;\"><a href=\"#_ftnref5\" name=\"_ftn5\">[5]<\/a> Arxiu de la Propietat de Lleida, escriptura de compravenda de la finca de Gimenells, 1929.<\/span><\/p>\n<p style=\"text-align: justify;\"><span style=\"font-family: 'times new roman', times, serif; font-size: 14pt;\"><a href=\"#_ftnref6\" name=\"_ftn6\">[6]<\/a> Documentaci\u00f3 interna de l\u2019OTA; vegeu tamb\u00e9 el portal hist\u00f2ric local de Santa Maria de Gimenells.<\/span><\/p>\n<p style=\"text-align: justify;\"><span style=\"font-family: 'times new roman', times, serif; font-size: 14pt;\"><a href=\"#_ftnref7\" name=\"_ftn7\">[7]<\/a> Preston, P. La Guerra Civil espa\u00f1ola, Barcelona, 2006<\/span><\/p>\n<p style=\"text-align: justify;\"><span style=\"font-family: 'times new roman', times, serif; font-size: 14pt;\"><a href=\"#_ftnref8\" name=\"_ftn8\">[8]<\/a> Molinero, C. i Ys\u00e0s, P. El r\u00e8gim franquista, Barcelona, 2010.<\/span><\/p>\n<p style=\"text-align: justify;\"><span style=\"font-family: 'times new roman', times, serif; font-size: 14pt;\"><a href=\"#_ftnref9\" name=\"_ftn9\">[9]<\/a> Sabat\u00e9, A. Canvi social i m\u00f3n rural a Catalunya, Barcelona, 1992.<\/span><\/p>\n<p style=\"text-align: justify;\"><span style=\"font-family: 'times new roman', times, serif; font-size: 14pt;\"><a href=\"#_ftnref10\" name=\"_ftn10\">[10]<\/a> Dades demogr\u00e0fiques municipals, IDESCAT, segona meitat del segle XX.\u00a0 BOE i DOGC, decret de creaci\u00f3 del municipi de Gimenells i el Pla de la Font, 1991.<\/span><\/p>\n<p>&nbsp;<\/p>\n","protected":false},"excerpt":{"rendered":"<p>&#46;&#46;&#46;<\/p>\n","protected":false},"author":1,"featured_media":0,"comment_status":"closed","ping_status":"closed","sticky":false,"template":"","format":"standard","meta":{"footnotes":""},"categories":[17],"tags":[],"class_list":["post-1934","post","type-post","status-publish","format-standard","hentry","category-introduccio"],"_links":{"self":[{"href":"https:\/\/santamariadegimenells.info\/index.php\/wp-json\/wp\/v2\/posts\/1934","targetHints":{"allow":["GET"]}}],"collection":[{"href":"https:\/\/santamariadegimenells.info\/index.php\/wp-json\/wp\/v2\/posts"}],"about":[{"href":"https:\/\/santamariadegimenells.info\/index.php\/wp-json\/wp\/v2\/types\/post"}],"author":[{"embeddable":true,"href":"https:\/\/santamariadegimenells.info\/index.php\/wp-json\/wp\/v2\/users\/1"}],"replies":[{"embeddable":true,"href":"https:\/\/santamariadegimenells.info\/index.php\/wp-json\/wp\/v2\/comments?post=1934"}],"version-history":[{"count":7,"href":"https:\/\/santamariadegimenells.info\/index.php\/wp-json\/wp\/v2\/posts\/1934\/revisions"}],"predecessor-version":[{"id":2174,"href":"https:\/\/santamariadegimenells.info\/index.php\/wp-json\/wp\/v2\/posts\/1934\/revisions\/2174"}],"wp:attachment":[{"href":"https:\/\/santamariadegimenells.info\/index.php\/wp-json\/wp\/v2\/media?parent=1934"}],"wp:term":[{"taxonomy":"category","embeddable":true,"href":"https:\/\/santamariadegimenells.info\/index.php\/wp-json\/wp\/v2\/categories?post=1934"},{"taxonomy":"post_tag","embeddable":true,"href":"https:\/\/santamariadegimenells.info\/index.php\/wp-json\/wp\/v2\/tags?post=1934"}],"curies":[{"name":"wp","href":"https:\/\/api.w.org\/{rel}","templated":true}]}}